{"id":23725,"date":"2020-07-31T14:35:14","date_gmt":"2020-07-31T14:35:14","guid":{"rendered":"https:\/\/somdepapo.com.br\/?p=23725"},"modified":"2020-07-31T14:35:14","modified_gmt":"2020-07-31T14:35:14","slug":"a-estetica-e-a-biosseguranca","status":"publish","type":"post","link":"https:\/\/somdepapo.com.br\/portal\/a-estetica-e-a-biosseguranca\/","title":{"rendered":"A Est\u00e9tica e a Biosseguran\u00e7a"},"content":{"rendered":"<div id=\"m-1035938648384196552\" class=\"mail-message expanded\">\n<div class=\"mail-message-header spacer\" style=\"text-align: right;\">Por Kal Nascimento<\/div>\n<div><\/div>\n<div class=\"mail-message-content collapsible zoom-normal mail-show-images \">\n<div class=\"clear\">\n<div dir=\"ltr\" style=\"text-align: justify;\">Definitivamente a pandemia que estamos enfrentando est\u00e1 mudando a nossa forma de observar o mundo e a maneira como nos relacionamos com ele e com todas as pessoas que nos cercam. Novos h\u00e1bitos est\u00e3o sendo adotados, novos costumes e tamb\u00e9m novas preocupa\u00e7\u00f5es. Biosseguran\u00e7a \u00e9 uma delas.<\/p>\n<div style=\"text-align: justify;\">A palavra antes vinculada mais a laborat\u00f3rios, cl\u00ednicas e hospitais hoje est\u00e1 sendo amplamente divulgada nos mais diversos setores da economia e o setor dos servi\u00e7os de beleza \u00e9 um dos que t\u00eam\u00a0maior foco. At\u00e9 por conta do tempo em que as pessoas est\u00e3o confinadas e nesse momento de retomada quem n\u00e3o quer ir a um sal\u00e3o ou centro de est\u00e9tica colocar a &#8216;beleza em dia&#8217;?<\/div>\n<div style=\"text-align: justify;\">Mas voc\u00ea sabe o que deve ter aten\u00e7\u00e3o neste momento para evitar a contamina\u00e7\u00e3o pelo Covid-19 ou at\u00e9 mesmo outras doen\u00e7as?<\/div>\n<div style=\"text-align: justify;\">Ent\u00e3o preparei 10 DICAS para voc\u00ea antes mesmo de voc\u00ea ligar para marcar algum servi\u00e7o:<\/div>\n<div style=\"text-align: justify;\">1 &#8211; Informe-se atrav\u00e9s da internet quais s\u00e3o os protocolos de seguran\u00e7a adotados para o servi\u00e7o que voc\u00ea deseja (SEBRAE, SENAC por exemplo tem materiais bem explicativos)<\/div>\n<div style=\"text-align: justify;\">2 &#8211; Entre em contato com o sal\u00e3o ou centro de est\u00e9tica e pe\u00e7a informa\u00e7\u00f5es sobre o que eles est\u00e3o fazendo como protocolos e s\u00f3 agende se voc\u00ea se sentir seguro para ir ao local. Tire TODAS as suas d\u00favidas!<\/div>\n<div>3 &#8211; Fique atento ao uso de itens descart\u00e1veis e esterilizados em procedimentos como manicure, depila\u00e7\u00e3o, maquiagem. Palitos, aplicadores de sombras, batom e r\u00edmel\u00a0podem e devem ser descart\u00e1veis.<\/div>\n<div>4 &#8211; D\u00ea prefer\u00eancia a frequentar locais mais abertos, com melhor ventila\u00e7\u00e3o ou que voc\u00ea confie na higieniza\u00e7\u00e3o pr\u00e9via. \u00c9 comum alguns estabelecimentos terem salas bem pequenas de atendimento individual, estas precisam ser muito bem higienizadas e abertas para renova\u00e7\u00e3o do ar constantemente.<\/div>\n<div>5 &#8211; Use m\u00e1scara durante todo o tempo em que estiver no local e sendo atendida, retirando somente para procedimentos no rosto.<\/div>\n<div>6 &#8211; Em situa\u00e7\u00f5es de aglomera\u00e7\u00e3o em que n\u00e3o se sinta confort\u00e1vel, acione o gerente ou o dono e comente. A conscientiza\u00e7\u00e3o deve ser exercida por todos.<\/div>\n<div>7 &#8211; Evite no mesmo dia agendar servi\u00e7os em muitos locais diferentes, isso aumenta a sua exposi\u00e7\u00e3o e consequente o risco de contamina\u00e7\u00e3o.<\/div>\n<div>8 &#8211; Tenha na bolsa SEMPRE um \u00e1lcool\u00a0gel para uso individual e evite o manuseio da sua m\u00e1scara\u00a0sem higienizar as m\u00e3os.<\/div>\n<div>9 &#8211; Exija o uso de EPis (equipamentos de prote\u00e7\u00e3o individual) pelos profissionais que ir\u00e3o te atender).<\/div>\n<div style=\"text-align: justify;\">10 &#8211; Use a tecnologia como aliada, pagamentos podem ser feitos com aproxima\u00e7\u00e3o de cart\u00f5es nas m\u00e1quinas ou at\u00e9 mesmo por celulares, evitando o manuseio de muitas c\u00e9dulas\u00a0em dinheiro.<\/div>\n<div>Adotando estas medidas e todas as outras que voc\u00ea achar v\u00e1lidas, enfrentaremos a pandemia e retomaremos nossos cuidados com beleza de maneira segura e tranquila!<\/div>\n<div class=\"signature-text\">\n<div>KAL NASCIMENTO<\/div>\n<div>Beauty Artist<\/div>\n<div>Artista Wella Professionals Brasil<\/div>\n<\/div>\n<\/div>\n<\/div>\n<\/div>\n<div class=\"mail-message-footer spacer collapsible\" style=\"text-align: justify;\"><\/div>\n<\/div>\n","protected":false},"excerpt":{"rendered":"<p>Por Kal Nascimento Definitivamente a pandemia que estamos enfrentando est\u00e1 mudando a nossa forma de observar o mundo e a maneira como nos relacionamos com ele e com todas as pessoas que nos cercam. Novos h\u00e1bitos est\u00e3o sendo adotados, novos costumes e tamb\u00e9m novas preocupa\u00e7\u00f5es. Biosseguran\u00e7a \u00e9 uma delas. A palavra antes vinculada mais a [&hellip;]<\/p>\n","protected":false},"author":1,"featured_media":23726,"comment_status":"open","ping_status":"open","sticky":false,"template":"","format":"standard","meta":{"ngg_post_thumbnail":0,"footnotes":""},"categories":[2,32,41],"tags":[],"class_list":["post-23725","post","type-post","status-publish","format-standard","has-post-thumbnail","hentry","category-destaques","category-estetica","category-ultimasnoticias"],"_links":{"self":[{"href":"https:\/\/somdepapo.com.br\/portal\/wp-json\/wp\/v2\/posts\/23725","targetHints":{"allow":["GET"]}}],"collection":[{"href":"https:\/\/somdepapo.com.br\/portal\/wp-json\/wp\/v2\/posts"}],"about":[{"href":"https:\/\/somdepapo.com.br\/portal\/wp-json\/wp\/v2\/types\/post"}],"author":[{"embeddable":true,"href":"https:\/\/somdepapo.com.br\/portal\/wp-json\/wp\/v2\/users\/1"}],"replies":[{"embeddable":true,"href":"https:\/\/somdepapo.com.br\/portal\/wp-json\/wp\/v2\/comments?post=23725"}],"version-history":[{"count":1,"href":"https:\/\/somdepapo.com.br\/portal\/wp-json\/wp\/v2\/posts\/23725\/revisions"}],"predecessor-version":[{"id":23727,"href":"https:\/\/somdepapo.com.br\/portal\/wp-json\/wp\/v2\/posts\/23725\/revisions\/23727"}],"wp:featuredmedia":[{"embeddable":true,"href":"https:\/\/somdepapo.com.br\/portal\/wp-json\/wp\/v2\/media\/23726"}],"wp:attachment":[{"href":"https:\/\/somdepapo.com.br\/portal\/wp-json\/wp\/v2\/media?parent=23725"}],"wp:term":[{"taxonomy":"category","embeddable":true,"href":"https:\/\/somdepapo.com.br\/portal\/wp-json\/wp\/v2\/categories?post=23725"},{"taxonomy":"post_tag","embeddable":true,"href":"https:\/\/somdepapo.com.br\/portal\/wp-json\/wp\/v2\/tags?post=23725"}],"curies":[{"name":"wp","href":"https:\/\/api.w.org\/{rel}","templated":true}]}}