{"id":23868,"date":"2020-08-11T12:48:35","date_gmt":"2020-08-11T12:48:35","guid":{"rendered":"https:\/\/somdepapo.com.br\/?p=23868"},"modified":"2020-08-11T12:48:35","modified_gmt":"2020-08-11T12:48:35","slug":"2-anos-de-sucesso-na-tv","status":"publish","type":"post","link":"https:\/\/somdepapo.com.br\/portal\/2-anos-de-sucesso-na-tv\/","title":{"rendered":"2 anos de sucesso na TV"},"content":{"rendered":"<p style=\"text-align: justify;\">O tempo passou r\u00e1pido. Em 11 de agosto de 2018 estreava o programa Som de Papo na TV com o apresentador Gilberto Romano. O programa foi ao ar pela primeira vez com o Ra\u00e7a Pura e Jo\u00e3o Bruno como atra\u00e7\u00f5es musicais.<\/p>\n<p style=\"text-align: justify;\">Nesta hist\u00f3ria de 2 anos diversos quadros integraram o programa como: Game F\u00e3; Game Musical; Game das Palavras; PPF com Romano; Papo com Clipe; Som de Festa e Papo News.<\/p>\n<p style=\"text-align: justify;\">O Som de Papo esteve presente em grandes eventos como o Festival de Ver\u00e3o, Festival da Virada Salvador, Cobertura do Carnaval de Salvador, Iemanj\u00e1 e do Trof\u00e9u Melhores do S\u00e3o Jo\u00e3o.<\/p>\n<p style=\"text-align: justify;\">A comemora\u00e7\u00e3o do anivers\u00e1rio do programa ocorre nesta ter\u00e7a-feira \u00e0s 18h no Instagram @gilbertoromanooficial com as participa\u00e7\u00f5es especiais dos apresentadores Daniel Chagas e Felipe Bandeira, al\u00e9m das atra\u00e7\u00f5es musicais: Gera Samba e Rafael Caldas.<\/p>\n","protected":false},"excerpt":{"rendered":"<p>O tempo passou r\u00e1pido. Em 11 de agosto de 2018 estreava o programa Som de Papo na TV com o apresentador Gilberto Romano. O programa foi ao ar pela primeira vez com o Ra\u00e7a Pura e Jo\u00e3o Bruno como atra\u00e7\u00f5es musicais. Nesta hist\u00f3ria de 2 anos diversos quadros integraram o programa como: Game F\u00e3; Game [&hellip;]<\/p>\n","protected":false},"author":1,"featured_media":23869,"comment_status":"open","ping_status":"open","sticky":false,"template":"","format":"standard","meta":{"ngg_post_thumbnail":0,"footnotes":""},"categories":[2,31,35,41],"tags":[],"class_list":["post-23868","post","type-post","status-publish","format-standard","has-post-thumbnail","hentry","category-destaques","category-noticias","category-o-programa","category-ultimasnoticias"],"_links":{"self":[{"href":"https:\/\/somdepapo.com.br\/portal\/wp-json\/wp\/v2\/posts\/23868","targetHints":{"allow":["GET"]}}],"collection":[{"href":"https:\/\/somdepapo.com.br\/portal\/wp-json\/wp\/v2\/posts"}],"about":[{"href":"https:\/\/somdepapo.com.br\/portal\/wp-json\/wp\/v2\/types\/post"}],"author":[{"embeddable":true,"href":"https:\/\/somdepapo.com.br\/portal\/wp-json\/wp\/v2\/users\/1"}],"replies":[{"embeddable":true,"href":"https:\/\/somdepapo.com.br\/portal\/wp-json\/wp\/v2\/comments?post=23868"}],"version-history":[{"count":1,"href":"https:\/\/somdepapo.com.br\/portal\/wp-json\/wp\/v2\/posts\/23868\/revisions"}],"predecessor-version":[{"id":23870,"href":"https:\/\/somdepapo.com.br\/portal\/wp-json\/wp\/v2\/posts\/23868\/revisions\/23870"}],"wp:featuredmedia":[{"embeddable":true,"href":"https:\/\/somdepapo.com.br\/portal\/wp-json\/wp\/v2\/media\/23869"}],"wp:attachment":[{"href":"https:\/\/somdepapo.com.br\/portal\/wp-json\/wp\/v2\/media?parent=23868"}],"wp:term":[{"taxonomy":"category","embeddable":true,"href":"https:\/\/somdepapo.com.br\/portal\/wp-json\/wp\/v2\/categories?post=23868"},{"taxonomy":"post_tag","embeddable":true,"href":"https:\/\/somdepapo.com.br\/portal\/wp-json\/wp\/v2\/tags?post=23868"}],"curies":[{"name":"wp","href":"https:\/\/api.w.org\/{rel}","templated":true}]}}