{"id":23955,"date":"2020-08-14T22:42:44","date_gmt":"2020-08-14T22:42:44","guid":{"rendered":"https:\/\/somdepapo.com.br\/portal\/?p=23955"},"modified":"2020-08-14T23:01:18","modified_gmt":"2020-08-14T23:01:18","slug":"23955-2","status":"publish","type":"post","link":"https:\/\/somdepapo.com.br\/portal\/23955-2\/","title":{"rendered":"Colorir ou n\u00e3o colorir os cabelos?"},"content":{"rendered":"<div id=\"m6582683179775900002\" class=\"mail-message expanded\">\n<div class=\"mail-message-header spacer\"><\/div>\n<div class=\"mail-message-content collapsible zoom-normal mail-show-images \">\n<div class=\"clear\">\n<div dir=\"ltr\" style=\"text-align: right;\">Por Kal Nascimento<\/div>\n<div dir=\"ltr\"><\/div>\n<div dir=\"ltr\" style=\"text-align: justify;\">\n<p>Desde que as pessoas come\u00e7aram a colorir com seguran\u00e7a os cabelos h\u00e1 pelo menos 110 anos, d\u00favidas, medos e incertezas giram em torno das cabe\u00e7as de homens e mulheres no mundo inteiro.<\/p>\n<div>Afinal como e quando colorir? Tinta ou tonalizante? Dura quanto tempo? A cor da vai ficar igual a da foto da caixa da tinta?Estraga o cabelo?<\/div>\n<div>Pois \u00e9 estas s\u00e3o apenas algumas das centenas de perguntas que cabeleireiros escutam todos os dias Mas afinal existem regras? Quais os cuidados? Aqui uma lista explicada e descomplicada para voc\u00ea pensar e quem sabe tomar coragem!<\/div>\n<div>\n<ul>\n<li>Para come\u00e7o de conversa tinta n\u00e3o \u00e9 s\u00f3 para cobrir cabelos brancos! Desde a adolesc\u00eancia j\u00e1 \u00e9 poss\u00edvel, recomend\u00e1vel que seja ali ap\u00f3s os 14 ou 16 anos.<\/li>\n<li>Tonalizante\u00a0\u00e9 mais suave que colora\u00e7\u00e3o (nome correto para a tinta, anota a\u00ed!) mas n\u00e3o \u00e9 usado se voc\u00ea pretende clarear os cabelos em mais de um tom acima do seu. Tamb\u00e9m n\u00e3o costuma cobrir 100% de brancos.<\/li>\n<li>Nem sempre o tom vai ficar igual ao da foto da caixa (quase nunca, pode ser?!) depende de uma s\u00e9rie de fatores. Se vai mudar muito a cor do seu cabelo natural, consulte um cabeleireiro!<\/li>\n<li>Estraga o cabelo? Se voc\u00ea n\u00e3o tiver experi\u00eancia\u00a0pode ser que sim! Tome cuidado principalmente se faz qu\u00edmicas de alisamento ou j\u00e1 tem outras colora\u00e7\u00f5es, vai evitar manchas e o temido corte-qu\u00edmico.<\/li>\n<li>\u00a0Homens podem colorir e ficar natural sem cara de &#8220;pintado&#8221;? Sim!!!!! Desde que seja usada a cor ideal.<\/li>\n<li>Crian\u00e7as n\u00e3o devem colorir os cabelos com colora\u00e7\u00f5es e tonalizantes. Prefira as cores fantasia vendidas em casas de artigos para festas, como sprays por exemplo.<\/li>\n<li>Lembre sempre! Se tem um m\u00e9dico pra cada parte do corpo, para os cabelos s\u00e3o os dermatologistas e os cabeleireiros.<\/li>\n<li>Quer saber mais sobre colora\u00e7\u00e3o? Deixa ai um comentario\u00a0ou visite o instagram\u00a0@kalnascimentostudio e deixe um direct!<\/li>\n<\/ul>\n<p>Fonte da foto: www.multarte.com.br<\/p>\n<div>Vamos colorir o mundo com nossos cabelos!<\/div>\n<\/div>\n<div>At\u00e9 a proxima<\/div>\n<div class=\"signature-text\">\n<div><\/div>\n<div>KAL NASCIMENTO<\/div>\n<div>Beauty Artist<\/div>\n<div>Artista Wella Professionals Brasil<\/div>\n<div><\/div>\n<\/div>\n<\/div>\n<\/div>\n<\/div>\n<div class=\"mail-message-footer spacer collapsible\"><\/div>\n<\/div>\n","protected":false},"excerpt":{"rendered":"<p>Por Kal Nascimento Desde que as pessoas come\u00e7aram a colorir com seguran\u00e7a os cabelos h\u00e1 pelo menos 110 anos, d\u00favidas, medos e incertezas giram em torno das cabe\u00e7as de homens e mulheres no mundo inteiro. Afinal como e quando colorir? Tinta ou tonalizante? Dura quanto tempo? A cor da vai ficar igual a da foto [&hellip;]<\/p>\n","protected":false},"author":1,"featured_media":23959,"comment_status":"open","ping_status":"open","sticky":false,"template":"","format":"standard","meta":{"ngg_post_thumbnail":0,"footnotes":""},"categories":[2,32,41],"tags":[],"class_list":["post-23955","post","type-post","status-publish","format-standard","has-post-thumbnail","hentry","category-destaques","category-estetica","category-ultimasnoticias"],"_links":{"self":[{"href":"https:\/\/somdepapo.com.br\/portal\/wp-json\/wp\/v2\/posts\/23955","targetHints":{"allow":["GET"]}}],"collection":[{"href":"https:\/\/somdepapo.com.br\/portal\/wp-json\/wp\/v2\/posts"}],"about":[{"href":"https:\/\/somdepapo.com.br\/portal\/wp-json\/wp\/v2\/types\/post"}],"author":[{"embeddable":true,"href":"https:\/\/somdepapo.com.br\/portal\/wp-json\/wp\/v2\/users\/1"}],"replies":[{"embeddable":true,"href":"https:\/\/somdepapo.com.br\/portal\/wp-json\/wp\/v2\/comments?post=23955"}],"version-history":[{"count":6,"href":"https:\/\/somdepapo.com.br\/portal\/wp-json\/wp\/v2\/posts\/23955\/revisions"}],"predecessor-version":[{"id":23963,"href":"https:\/\/somdepapo.com.br\/portal\/wp-json\/wp\/v2\/posts\/23955\/revisions\/23963"}],"wp:featuredmedia":[{"embeddable":true,"href":"https:\/\/somdepapo.com.br\/portal\/wp-json\/wp\/v2\/media\/23959"}],"wp:attachment":[{"href":"https:\/\/somdepapo.com.br\/portal\/wp-json\/wp\/v2\/media?parent=23955"}],"wp:term":[{"taxonomy":"category","embeddable":true,"href":"https:\/\/somdepapo.com.br\/portal\/wp-json\/wp\/v2\/categories?post=23955"},{"taxonomy":"post_tag","embeddable":true,"href":"https:\/\/somdepapo.com.br\/portal\/wp-json\/wp\/v2\/tags?post=23955"}],"curies":[{"name":"wp","href":"https:\/\/api.w.org\/{rel}","templated":true}]}}