{"id":24061,"date":"2020-08-21T14:52:20","date_gmt":"2020-08-21T14:52:20","guid":{"rendered":"https:\/\/somdepapo.com.br\/portal\/?p=24061"},"modified":"2020-08-21T14:52:20","modified_gmt":"2020-08-21T14:52:20","slug":"um-bolo-de-cenoura-no-fim-de-tarde","status":"publish","type":"post","link":"https:\/\/somdepapo.com.br\/portal\/um-bolo-de-cenoura-no-fim-de-tarde\/","title":{"rendered":"Um bolo de cenoura no fim de tarde"},"content":{"rendered":"<p style=\"text-align: right;\">Por Chef Jean Carlos Spiess<\/p>\n<p style=\"text-align: justify;\">Quem n\u00e3o gosta de um bolo no finalzinho da tarde com um caf\u00e9, esta receita de bolo de cenoura super simples de preparar no liquidificador mesmo, o cuidado maior que devemos ter para n\u00e3o solar o bolo, \u00e9 bater e misturar muito bem todos os ingredientes, e somente no final acrescentar a farinha de trigo como \u00faltimo ingredientes da receitas, na qual voc\u00ea n\u00e3o vai desenvolver a cadeia de gl\u00faten, a textura do bolo vai ficar super fofinha e leve. E esta calda de cacau, voc\u00ea pode preparar com cacau em p\u00f3 pois a calda vai ficar com um sabor bem intenso de chocolate meio amargo uma combina\u00e7\u00e3o perfeita com o bolo de canoura.<br \/>\nBOLO DE CENOURA COM CALDA DE CACAU<br \/>\nIngredientes<br \/>\n2 unidades de ovos inteiros<br \/>\n320g de cenoura descascada e picada<br \/>\n180g de a\u00e7\u00facar refinado<br \/>\n90ml de \u00f3leo de milho<br \/>\n100g de farinha de trigo<br \/>\n50g de farinha de am\u00eandoas<br \/>\n20g de coco ralado seco<br \/>\nQB de ess\u00eancia de baunilha<br \/>\n10g de fermento em p\u00f3<\/p>\n<p style=\"text-align: justify;\">Modo de Preparo<br \/>\nBater no liquidificador os quatro primeiros ingredientes at\u00e9 obter um creme homog\u00eaneo.<br \/>\nColocar a mistura obtida em uma tigela grande, agregar os demais ingredientes e envolver delicadamente at\u00e9 obter uma massa homog\u00eanea.<br \/>\nDistribuir a massa em forminhas untada e enfarinhadas e assar em forno pr\u00e9-aquecido \u00e0 170\u00baC at\u00e9 que os bolinhos estejam dourados e firmes ao toque.<br \/>\nDeixar esfriar completamente, espalhar a cobertura.<\/p>\n<p>Cobertura<br \/>\n50g de chocolate meio amargo bem picado<br \/>\n12g de manteiga sem sal<br \/>\n50g de a\u00e7\u00facar de confeiteiro peneirado<br \/>\n15g de cacau em p\u00f3 peneirado<br \/>\n30ml de leite frio<\/p>\n<p style=\"text-align: justify;\">Modo de Preparo<br \/>\nEm uma panela pequena colocar todos os ingredientes, levar em fogo baixo, mexendo sempre, at\u00e9 obter um creme brilhante.<br \/>\nEmpregar o creme ainda quente sobre o bolo frio, deixar esfriar.<\/p>\n<p style=\"text-align: justify;\">Fonte da imagem: pinterest.com<br \/>\nInstagram @chefjeanspiess<\/p>\n","protected":false},"excerpt":{"rendered":"<p>Por Chef Jean Carlos Spiess Quem n\u00e3o gosta de um bolo no finalzinho da tarde com um caf\u00e9, esta receita de bolo de cenoura super simples de preparar no liquidificador mesmo, o cuidado maior que devemos ter para n\u00e3o solar o bolo, \u00e9 bater e misturar muito bem todos os ingredientes, e somente no final [&hellip;]<\/p>\n","protected":false},"author":1,"featured_media":24063,"comment_status":"open","ping_status":"open","sticky":false,"template":"","format":"standard","meta":{"ngg_post_thumbnail":0,"footnotes":""},"categories":[2,8,41],"tags":[],"class_list":["post-24061","post","type-post","status-publish","format-standard","has-post-thumbnail","hentry","category-destaques","category-gastronomia","category-ultimasnoticias"],"_links":{"self":[{"href":"https:\/\/somdepapo.com.br\/portal\/wp-json\/wp\/v2\/posts\/24061","targetHints":{"allow":["GET"]}}],"collection":[{"href":"https:\/\/somdepapo.com.br\/portal\/wp-json\/wp\/v2\/posts"}],"about":[{"href":"https:\/\/somdepapo.com.br\/portal\/wp-json\/wp\/v2\/types\/post"}],"author":[{"embeddable":true,"href":"https:\/\/somdepapo.com.br\/portal\/wp-json\/wp\/v2\/users\/1"}],"replies":[{"embeddable":true,"href":"https:\/\/somdepapo.com.br\/portal\/wp-json\/wp\/v2\/comments?post=24061"}],"version-history":[{"count":1,"href":"https:\/\/somdepapo.com.br\/portal\/wp-json\/wp\/v2\/posts\/24061\/revisions"}],"predecessor-version":[{"id":24064,"href":"https:\/\/somdepapo.com.br\/portal\/wp-json\/wp\/v2\/posts\/24061\/revisions\/24064"}],"wp:featuredmedia":[{"embeddable":true,"href":"https:\/\/somdepapo.com.br\/portal\/wp-json\/wp\/v2\/media\/24063"}],"wp:attachment":[{"href":"https:\/\/somdepapo.com.br\/portal\/wp-json\/wp\/v2\/media?parent=24061"}],"wp:term":[{"taxonomy":"category","embeddable":true,"href":"https:\/\/somdepapo.com.br\/portal\/wp-json\/wp\/v2\/categories?post=24061"},{"taxonomy":"post_tag","embeddable":true,"href":"https:\/\/somdepapo.com.br\/portal\/wp-json\/wp\/v2\/tags?post=24061"}],"curies":[{"name":"wp","href":"https:\/\/api.w.org\/{rel}","templated":true}]}}