{"id":24065,"date":"2020-08-21T16:04:45","date_gmt":"2020-08-21T16:04:45","guid":{"rendered":"https:\/\/somdepapo.com.br\/portal\/?p=24065"},"modified":"2020-08-21T16:04:45","modified_gmt":"2020-08-21T16:04:45","slug":"mito-ou-verdade-descubra-os-procedimentos-esteticos-mais-sugestivos-para-o-inverno","status":"publish","type":"post","link":"https:\/\/somdepapo.com.br\/portal\/mito-ou-verdade-descubra-os-procedimentos-esteticos-mais-sugestivos-para-o-inverno\/","title":{"rendered":"Mito ou Verdade? Descubra os procedimentos est\u00e9ticos mais sugestivos para o inverno"},"content":{"rendered":"<p style=\"text-align: right;\">Por\u00a0 Vinicius Said<\/p>\n<p style=\"text-align: justify;\">\nMenor incid\u00eancia dos raios UVA e UVB tornam o processo de cicatriza\u00e7\u00e3o dos procedimentos mais seguros e diminui risco de manchas em depila\u00e7\u00f5es, remo\u00e7\u00e3o de tatuagens e clareamentos.<br \/>\nCom sensa\u00e7\u00e3o t\u00e9rmica recorde (17,5 \u00baC) registrada na capital baiana, os soteropolitanos est\u00e3o aproveitando a temporada de inverno para tirar aquele \u201ccasaquinho\u201d do arm\u00e1rio, vestir uma meia, preparar uma bebida morna e aproveitar a recupera\u00e7\u00e3o \u201cconvidativa\u201d dos procedimentos est\u00e9ticos durante a esta\u00e7\u00e3o mais fria do ano.<\/p>\n<p style=\"text-align: justify;\"><img fetchpriority=\"high\" decoding=\"async\" class=\"alignnone size-full wp-image-24068\" src=\"https:\/\/somdepapo.com.br\/portal\/wp-content\/uploads\/2020\/08\/IMG_6339.jpg\" alt=\"\" width=\"828\" height=\"1455\" srcset=\"https:\/\/somdepapo.com.br\/portal\/wp-content\/uploads\/2020\/08\/IMG_6339.jpg 828w, https:\/\/somdepapo.com.br\/portal\/wp-content\/uploads\/2020\/08\/IMG_6339-171x300.jpg 171w, https:\/\/somdepapo.com.br\/portal\/wp-content\/uploads\/2020\/08\/IMG_6339-583x1024.jpg 583w, https:\/\/somdepapo.com.br\/portal\/wp-content\/uploads\/2020\/08\/IMG_6339-768x1350.jpg 768w, https:\/\/somdepapo.com.br\/portal\/wp-content\/uploads\/2020\/08\/IMG_6339-696x1223.jpg 696w, https:\/\/somdepapo.com.br\/portal\/wp-content\/uploads\/2020\/08\/IMG_6339-239x420.jpg 239w\" sizes=\"(max-width: 828px) 100vw, 828px\" \/><br \/>\nEmbora n\u00e3o exista um consenso sobre o \u201cfrio\u201d impactar diretamente na recupera\u00e7\u00e3o da derme (pele) ap\u00f3s os procedimentos, a regi\u00e3o tende a ficar mais sens\u00edvel aos raios solares e mais ressecada\u200a\u2014\u200asobretudo em sess\u00f5es de clareamento de pele (peeling qu\u00edmico)\u200a\u2014, o que justifica as recomenda\u00e7\u00f5es por tratamentos faciais em esta\u00e7\u00f5es mais frias.<br \/>\nSomando vantagens como a menor exposi\u00e7\u00e3o aos raios solares devido ao tempo nublado, ambiente fresco e maior conforto no uso de hidratantes e filtros solares\u200a\u2014\u200aimpedindo a sensa\u00e7\u00e3o \u201cempapada\u201d dos cremes\u200a\u2014\u200a, o especialista em Biomedicina Est\u00e9tica, Dr. Vinicius Said, conta que a procura pelo \u2018peeling qu\u00edmico\u2019, laser de CO\u00b2 fracionado, bioestimuladores de col\u00e1geno, fios de sustenta\u00e7\u00e3o, remo\u00e7\u00e3o de tatuagem e depila\u00e7\u00e3o se destacam nessa \u00e9poca do ano.<\/p>\n<p style=\"text-align: justify;\"><img decoding=\"async\" class=\"alignnone size-full wp-image-24066\" src=\"https:\/\/somdepapo.com.br\/portal\/wp-content\/uploads\/2020\/08\/peeling-quimico-bh.jpg\" alt=\"\" width=\"616\" height=\"498\" srcset=\"https:\/\/somdepapo.com.br\/portal\/wp-content\/uploads\/2020\/08\/peeling-quimico-bh.jpg 616w, https:\/\/somdepapo.com.br\/portal\/wp-content\/uploads\/2020\/08\/peeling-quimico-bh-300x243.jpg 300w, https:\/\/somdepapo.com.br\/portal\/wp-content\/uploads\/2020\/08\/peeling-quimico-bh-520x420.jpg 520w\" sizes=\"(max-width: 616px) 100vw, 616px\" \/><br \/>\n\u201cAntes de tudo, independente da esta\u00e7\u00e3o, \u00e9 importante frisar que \u00e9 poss\u00edvel realizar procedimentos est\u00e9ticos em qualquer \u00e9poca do ano, seja inverno ou ver\u00e3o. O que vai interferir, de fato, s\u00e3o as recomenda\u00e7\u00f5es ap\u00f3s os procedimentos, mais condizentes no inverno; possibilitando um maior ajuste na concentra\u00e7\u00e3o e pot\u00eancia relacionada a alguns equipamentos. Os profissionais, hoje v\u00e3o se adaptando \u00e0s esta\u00e7\u00f5es clim\u00e1ticas e o que acontece \u00e9 um ajuste na concentra\u00e7\u00e3o do pH do \u00e1cido que atuar\u00e1 na pele (em caso de Peeling qu\u00edmico)\u201d, explica.<br \/>\nSegundo o biom\u00e9dico, a grande sacada do inverno \u00e9 a menor incid\u00eancia da radia\u00e7\u00e3o ultravioleta (UVA e UVB), tornando a cicatriza\u00e7\u00e3o melhor e reduzindo o risco de \u201chipercromias\u201d (manchas na pele). Por conta do per\u00edodo de regenera\u00e7\u00e3o tecidual, Said explica que os pacientes precisam evitar a exposi\u00e7\u00e3o solar ao m\u00e1ximo, refor\u00e7ando a procura por cl\u00ednicas de est\u00e9tica durante esta\u00e7\u00f5es mais frias, nubladas ou menos convidativas a atividades e exerc\u00edcios \u00e0 luz do sol.<br \/>\n\u201cCom certeza durante o inverno se sobressai a busca por alguns procedimentos, como o peeling qu\u00edmico e os lasers, justamente por conta desse reajuste na concentra\u00e7\u00e3o dos \u00e1cidos. Entretanto, isso n\u00e3o significa que n\u00e3o ser\u00e3o feitos ou que n\u00e3o s\u00e3o recomendados fazer esses e outros procedimentos nos demais per\u00edodos do ano\u201d, refor\u00e7a o doutor.<br \/>\nFormado pela Escola Bahiana de Medicina e Sa\u00fade P\u00fablica com mais de 5 anos de atua\u00e7\u00e3o, Vinicius traz o exemplo da realidade local. Em sua cl\u00ednica, \u201cDr. Vinicius Said\u201d\u200a\u2014\u200alocalizada na Av. Professor Magalh\u00e3es Neto, 1856, Empresarial TK Tower, t\u00e9rreo\u200a\u2014\u200ao biom\u00e9dico explica que \u00e9 dif\u00edcil fazer os soteropolitanos esperarem chegar o inverno para fazer os procedimentos, visto que as esta\u00e7\u00f5es do ano n\u00e3o s\u00e3o t\u00e3o definidas.<br \/>\nPara mais informa\u00e7\u00f5es sobre a Cl\u00ednica Dr Vinicius Said, entre em contato atrav\u00e9s do telefone 71 3035\u20131085 e 71 9 91908415, ou acesse o perfil do Instagram @viniciusaid.<\/p>\n","protected":false},"excerpt":{"rendered":"<p>Por\u00a0 Vinicius Said Menor incid\u00eancia dos raios UVA e UVB tornam o processo de cicatriza\u00e7\u00e3o dos procedimentos mais seguros e diminui risco de manchas em depila\u00e7\u00f5es, remo\u00e7\u00e3o de tatuagens e clareamentos. Com sensa\u00e7\u00e3o t\u00e9rmica recorde (17,5 \u00baC) registrada na capital baiana, os soteropolitanos est\u00e3o aproveitando a temporada de inverno para tirar aquele \u201ccasaquinho\u201d do arm\u00e1rio, [&hellip;]<\/p>\n","protected":false},"author":1,"featured_media":24067,"comment_status":"open","ping_status":"open","sticky":false,"template":"","format":"standard","meta":{"ngg_post_thumbnail":0,"footnotes":""},"categories":[2,32,31,41],"tags":[],"class_list":["post-24065","post","type-post","status-publish","format-standard","has-post-thumbnail","hentry","category-destaques","category-estetica","category-noticias","category-ultimasnoticias"],"_links":{"self":[{"href":"https:\/\/somdepapo.com.br\/portal\/wp-json\/wp\/v2\/posts\/24065","targetHints":{"allow":["GET"]}}],"collection":[{"href":"https:\/\/somdepapo.com.br\/portal\/wp-json\/wp\/v2\/posts"}],"about":[{"href":"https:\/\/somdepapo.com.br\/portal\/wp-json\/wp\/v2\/types\/post"}],"author":[{"embeddable":true,"href":"https:\/\/somdepapo.com.br\/portal\/wp-json\/wp\/v2\/users\/1"}],"replies":[{"embeddable":true,"href":"https:\/\/somdepapo.com.br\/portal\/wp-json\/wp\/v2\/comments?post=24065"}],"version-history":[{"count":1,"href":"https:\/\/somdepapo.com.br\/portal\/wp-json\/wp\/v2\/posts\/24065\/revisions"}],"predecessor-version":[{"id":24069,"href":"https:\/\/somdepapo.com.br\/portal\/wp-json\/wp\/v2\/posts\/24065\/revisions\/24069"}],"wp:featuredmedia":[{"embeddable":true,"href":"https:\/\/somdepapo.com.br\/portal\/wp-json\/wp\/v2\/media\/24067"}],"wp:attachment":[{"href":"https:\/\/somdepapo.com.br\/portal\/wp-json\/wp\/v2\/media?parent=24065"}],"wp:term":[{"taxonomy":"category","embeddable":true,"href":"https:\/\/somdepapo.com.br\/portal\/wp-json\/wp\/v2\/categories?post=24065"},{"taxonomy":"post_tag","embeddable":true,"href":"https:\/\/somdepapo.com.br\/portal\/wp-json\/wp\/v2\/tags?post=24065"}],"curies":[{"name":"wp","href":"https:\/\/api.w.org\/{rel}","templated":true}]}}