{"id":24273,"date":"2020-09-04T19:38:50","date_gmt":"2020-09-04T19:38:50","guid":{"rendered":"https:\/\/somdepapo.com.br\/portal\/?p=24273"},"modified":"2020-09-04T19:38:50","modified_gmt":"2020-09-04T19:38:50","slug":"tratamento-capilar-sculptra-e-modelagem-corporal-sao-tendencias-pos-pandemia","status":"publish","type":"post","link":"https:\/\/somdepapo.com.br\/portal\/tratamento-capilar-sculptra-e-modelagem-corporal-sao-tendencias-pos-pandemia\/","title":{"rendered":"Tratamento capilar, &#8220;sculptra&#8221; e modelagem corporal s\u00e3o tend\u00eancias p\u00f3s-pandemia"},"content":{"rendered":"<p style=\"text-align: right;\">Por Vinicius Said<\/p>\n<p style=\"text-align: justify;\">\nBusca por procedimentos est\u00e9ticos minimamente invasivos ditam nova moda entre brasileiros.<br \/>\nCuidar do corpo e da apar\u00eancia tem sido uma preocupa\u00e7\u00e3o frequente\u200a\u2014\u200ae igualmente hist\u00f3rica\u200a\u2014\u200ana vida dos brasileiros. Segundo pesquisa da Confedera\u00e7\u00e3o Nacional de Dirigentes Lojistas (CNDL) e do Servi\u00e7o de Prote\u00e7\u00e3o ao Cr\u00e9dito (SPC Brasil), 7 em cada 10 consumidores relatam que os gastos com a beleza n\u00e3o \u00e9 uma quest\u00e3o de luxo, e sim de necessidade.<br \/>\nOptando por tratamentos que melhorem a autoestima, a Sociedade Internacional de Cirurgia Pl\u00e1stica (ISAPS) registrou um crescimento de 200% na procura por procedimentos est\u00e9ticos\u200a\u2014\u200asobretudo os minimamente invasivos\u200a\u2014\u200adesde a virada do s\u00e9culo. A febre global do botox (toxina botul\u00ednica), que j\u00e1 despontava como tratamento \u201cqueridinho\u201d dos brasileiros, vem ganhando novos concorrentes, como tratamentos capilares, \u201csculptra\u201d e o \u201cfox eyes\u201d \u2014 tend\u00eancia entre as celebridades.<br \/>\nO surgimento dessas novas tend\u00eancias entre os procedimentos est\u00e9ticos, segundo o especialista em Biomedicina Est\u00e9tica e palestrante internacional, Dr. Vin\u00edcius Said, \u00e9 um derivado da pandemia do coronav\u00edrus (COVID-19). O profissional reconhece que o isolamento social estimulou uma an\u00e1lise meticulosa da face por parte dos brasileiros, evidenciando rugas e marcas de express\u00e3o que antes eram despercebidas devido a rotina.<br \/>\n\u201cTratamentos para a face, no geral, vem ganhando um espa\u00e7o not\u00e1vel nas cl\u00ednicas. O fox eyes, por exemplo, \u00e9 uma t\u00e9cnica que ganhou holofotes recentemente pelo destacamento da regi\u00e3o ocular, muito requisitada e espelhada pela popula\u00e7\u00e3o por causa dos artistas. Assim como o isolamento social vem chamando a aten\u00e7\u00e3o para os cuidados na regi\u00e3o da face, a ansiedade e o estresse gerado pela quarentena tamb\u00e9m tem feito o tratamento capilar recobrar seu destaque\u201d, explica.<br \/>\nFormado pela Escola Bahiana de Medicina e Sa\u00fade P\u00fablica, o biom\u00e9dico destaca seis (6) principais tend\u00eancias est\u00e9ticas na p\u00f3s-pandemia: toxina botul\u00ednica (botox); tratamento capilar; bioestimula\u00e7\u00e3o de col\u00e1geno com sculptra; preenchedores faciais; \u201clipo\u201d de papada n\u00e3o cir\u00fargica e modelagem corporal sem cortes.<br \/>\nO especialista afirma ter notado uma predile\u00e7\u00e3o dos pacientes por exposi\u00e7\u00f5es m\u00ednimas e procedimentos invasivos n\u00e3o cir\u00fargicos, o que justifica as novas tend\u00eancias no pa\u00eds. \u201cOs riscos de intercorr\u00eancias s\u00e3o menores entre esses tratamentos. Sem contar que as pessoas constantemente est\u00e3o querendo mudar a apar\u00eancia e o procedimento cir\u00fargico uma vez realizado, fica dif\u00edcil reverter\u201d, elucida.<\/p>\n<p style=\"text-align: justify;\"><img fetchpriority=\"high\" decoding=\"async\" class=\"alignnone size-full wp-image-24275\" src=\"https:\/\/somdepapo.com.br\/portal\/wp-content\/uploads\/2020\/09\/image2.jpeg\" alt=\"\" width=\"784\" height=\"602\" srcset=\"https:\/\/somdepapo.com.br\/portal\/wp-content\/uploads\/2020\/09\/image2.jpeg 784w, https:\/\/somdepapo.com.br\/portal\/wp-content\/uploads\/2020\/09\/image2-300x230.jpeg 300w, https:\/\/somdepapo.com.br\/portal\/wp-content\/uploads\/2020\/09\/image2-768x590.jpeg 768w, https:\/\/somdepapo.com.br\/portal\/wp-content\/uploads\/2020\/09\/image2-696x534.jpeg 696w, https:\/\/somdepapo.com.br\/portal\/wp-content\/uploads\/2020\/09\/image2-547x420.jpeg 547w, https:\/\/somdepapo.com.br\/portal\/wp-content\/uploads\/2020\/09\/image2-80x60.jpeg 80w\" sizes=\"(max-width: 784px) 100vw, 784px\" \/><br \/>\nElegendo o \u201cprocedimento destaque\u201d do ano para a regi\u00e3o facial e que deve conquistar ainda mais espa\u00e7o em 2021, Vinicius afirma que o \u201csculptra\u201d j\u00e1 est\u00e1 sendo apadrinhado por muitos especialistas como o melhor bioestimulador de col\u00e1geno do mundo\u200a\u2014\u200apromovendo o rejuvenescimento da pele. Especialista na \u00e1rea e revisor da \u201cRevista Brasileira de Est\u00e9tica\u201d, o doutor explica que o procedimento \u00e9 de forma injet\u00e1vel, sendo administrado em pontos espec\u00edficos da face o \u00e1cido poli\u2013L\u2013l\u00e1tico, oferecendo resultados incr\u00edveis j\u00e1 na primeira sess\u00e3o.<br \/>\n\u201cO fresquinho milagroso \u00e9 capaz de aumentar a produ\u00e7\u00e3o dos fibroblastos, c\u00e9lula que dar\u00e1 origem a fibras de col\u00e1geno, fibras reticulares e el\u00e1sticas na derme. Com isso, o \u2018sculptra\u2019 oferece um efeito \u2018lifting\u2019, dando um t\u00f4nus e melhorando a flacidez da pele, al\u00e9m de deix\u00e1-la nutrida e com um aspecto saud\u00e1vel. Esse tratamento tem tudo para se tornar o procedimento est\u00e9tico mais procurado ap\u00f3s a pandemia\u201d, destaca.<\/p>\n<p style=\"text-align: justify;\"><img decoding=\"async\" class=\"alignnone size-full wp-image-24274\" src=\"https:\/\/somdepapo.com.br\/portal\/wp-content\/uploads\/2020\/09\/image3.jpeg\" alt=\"\" width=\"782\" height=\"344\" srcset=\"https:\/\/somdepapo.com.br\/portal\/wp-content\/uploads\/2020\/09\/image3.jpeg 782w, https:\/\/somdepapo.com.br\/portal\/wp-content\/uploads\/2020\/09\/image3-300x132.jpeg 300w, https:\/\/somdepapo.com.br\/portal\/wp-content\/uploads\/2020\/09\/image3-768x338.jpeg 768w, https:\/\/somdepapo.com.br\/portal\/wp-content\/uploads\/2020\/09\/image3-696x306.jpeg 696w\" sizes=\"(max-width: 782px) 100vw, 782px\" \/><br \/>\nCom rela\u00e7\u00e3o ao \u201cprocedimento est\u00e9tico destaque\u201d da regi\u00e3o corporal, Vinicius elege o \u201cremodelamento sem cortes\u201d. Segundo o biom\u00e9dico, o m\u00e9todo re\u00fane t\u00e9cnicas cient\u00edficas de eletroterapia associada a prescri\u00e7\u00e3o e injet\u00e1veis, capazes de remodelar o corpo com resultados surpreendentes em uma sess\u00e3o. \u201cPacientes chegam a perder 15 cm em uma \u00fanica sess\u00e3o. O m\u00e9todo conta ainda com um acompanhamento nutricional, \u2018detox\u2019 alimentar e corporal, capazes de potencializar o resultado\u201d, conclui.<br \/>\nPara mais informa\u00e7\u00f5es sobre a Cl\u00ednica Dr. Vinicius Said, entre em contato atrav\u00e9s do telefone 71 3035\u20131085 e 71 9 91908415, ou acesse o perfil do Instagram @viniciusaid.<\/p>\n","protected":false},"excerpt":{"rendered":"<p>Por Vinicius Said Busca por procedimentos est\u00e9ticos minimamente invasivos ditam nova moda entre brasileiros. Cuidar do corpo e da apar\u00eancia tem sido uma preocupa\u00e7\u00e3o frequente\u200a\u2014\u200ae igualmente hist\u00f3rica\u200a\u2014\u200ana vida dos brasileiros. Segundo pesquisa da Confedera\u00e7\u00e3o Nacional de Dirigentes Lojistas (CNDL) e do Servi\u00e7o de Prote\u00e7\u00e3o ao Cr\u00e9dito (SPC Brasil), 7 em cada 10 consumidores relatam que [&hellip;]<\/p>\n","protected":false},"author":1,"featured_media":24276,"comment_status":"open","ping_status":"open","sticky":false,"template":"","format":"standard","meta":{"ngg_post_thumbnail":0,"footnotes":""},"categories":[2,32,41],"tags":[],"class_list":["post-24273","post","type-post","status-publish","format-standard","has-post-thumbnail","hentry","category-destaques","category-estetica","category-ultimasnoticias"],"_links":{"self":[{"href":"https:\/\/somdepapo.com.br\/portal\/wp-json\/wp\/v2\/posts\/24273","targetHints":{"allow":["GET"]}}],"collection":[{"href":"https:\/\/somdepapo.com.br\/portal\/wp-json\/wp\/v2\/posts"}],"about":[{"href":"https:\/\/somdepapo.com.br\/portal\/wp-json\/wp\/v2\/types\/post"}],"author":[{"embeddable":true,"href":"https:\/\/somdepapo.com.br\/portal\/wp-json\/wp\/v2\/users\/1"}],"replies":[{"embeddable":true,"href":"https:\/\/somdepapo.com.br\/portal\/wp-json\/wp\/v2\/comments?post=24273"}],"version-history":[{"count":1,"href":"https:\/\/somdepapo.com.br\/portal\/wp-json\/wp\/v2\/posts\/24273\/revisions"}],"predecessor-version":[{"id":24277,"href":"https:\/\/somdepapo.com.br\/portal\/wp-json\/wp\/v2\/posts\/24273\/revisions\/24277"}],"wp:featuredmedia":[{"embeddable":true,"href":"https:\/\/somdepapo.com.br\/portal\/wp-json\/wp\/v2\/media\/24276"}],"wp:attachment":[{"href":"https:\/\/somdepapo.com.br\/portal\/wp-json\/wp\/v2\/media?parent=24273"}],"wp:term":[{"taxonomy":"category","embeddable":true,"href":"https:\/\/somdepapo.com.br\/portal\/wp-json\/wp\/v2\/categories?post=24273"},{"taxonomy":"post_tag","embeddable":true,"href":"https:\/\/somdepapo.com.br\/portal\/wp-json\/wp\/v2\/tags?post=24273"}],"curies":[{"name":"wp","href":"https:\/\/api.w.org\/{rel}","templated":true}]}}