{"id":24361,"date":"2020-09-11T13:42:32","date_gmt":"2020-09-11T13:42:32","guid":{"rendered":"https:\/\/somdepapo.com.br\/portal\/?p=24361"},"modified":"2020-09-11T13:44:26","modified_gmt":"2020-09-11T13:44:26","slug":"cuidando-da-sua-estetica-e-tambem-da-sua-saude","status":"publish","type":"post","link":"https:\/\/somdepapo.com.br\/portal\/cuidando-da-sua-estetica-e-tambem-da-sua-saude\/","title":{"rendered":"Cuidando da sua est\u00e9tica e tamb\u00e9m da sua sa\u00fade"},"content":{"rendered":"<p style=\"text-align: right;\">Por Gilbertinho Cabelereiro<\/p>\n<p style=\"text-align: justify;\">A Est\u00e9tica pode continuar sendo cuidada com uma nova forma de aplicadas em atendimentos, com medidas de seguran\u00e7a. medi\u00e7\u00f5es t\u00e9rmicas, aquisi\u00e7\u00f5es de equipamentos EPI&#8217;s, capas e prop\u00e9 descart\u00e1veis para fazer o servi\u00e7o, al\u00e9m da m\u00e1scara, \u00e1lcool e luvas o qual ja eram usuais em nossa profiss\u00e3o.<\/p>\n<p><img fetchpriority=\"high\" decoding=\"async\" class=\"alignnone size-full wp-image-24362\" src=\"https:\/\/somdepapo.com.br\/portal\/wp-content\/uploads\/2020\/09\/IMG-20200910-WA0099.jpg\" alt=\"\" width=\"801\" height=\"1131\" srcset=\"https:\/\/somdepapo.com.br\/portal\/wp-content\/uploads\/2020\/09\/IMG-20200910-WA0099.jpg 801w, https:\/\/somdepapo.com.br\/portal\/wp-content\/uploads\/2020\/09\/IMG-20200910-WA0099-212x300.jpg 212w, https:\/\/somdepapo.com.br\/portal\/wp-content\/uploads\/2020\/09\/IMG-20200910-WA0099-725x1024.jpg 725w, https:\/\/somdepapo.com.br\/portal\/wp-content\/uploads\/2020\/09\/IMG-20200910-WA0099-768x1084.jpg 768w, https:\/\/somdepapo.com.br\/portal\/wp-content\/uploads\/2020\/09\/IMG-20200910-WA0099-696x983.jpg 696w, https:\/\/somdepapo.com.br\/portal\/wp-content\/uploads\/2020\/09\/IMG-20200910-WA0099-297x420.jpg 297w\" sizes=\"(max-width: 801px) 100vw, 801px\" \/><\/p>\n<p>Regras de atendimento a ser seguidas por todos clientes e profissional:<\/p>\n<p style=\"text-align: justify;\">1- Cliente e profissional uso de M\u00e1scara na execu\u00e7\u00e3o de servi\u00e7os, em corte de cabelo o cliente retira a m\u00e1scara na parte lateral de sua olhera para fazer o contorno caso for preciso. Em quest\u00e3o a barba usamos o face shield e m\u00e1scara devido ficar t\u00e3o pr\u00f3ximo ao rosto!<\/p>\n<p style=\"text-align: justify;\">2- Falar o suficiente e necess\u00e1rio quando for preciso mesmo com o uso da m\u00e1scara \ud83d\ude37<\/p>\n<p style=\"text-align: justify;\">3- Local de servi\u00e7os precisa estar seguro de no m\u00ednimo 1 metro dos demais membros da resid\u00eancia em atendimento domiciliar ou em sal\u00e3o de beleza.<\/p>\n<p style=\"text-align: justify;\">Essa \u00e9 a nova orienta\u00e7\u00e3o para serem observados em atendimentos!<\/p>\n<p style=\"text-align: justify;\"><img decoding=\"async\" class=\"alignnone size-full wp-image-24366\" src=\"https:\/\/somdepapo.com.br\/portal\/wp-content\/uploads\/2020\/09\/IMG-20200910-WA0101-1.jpg\" alt=\"\" width=\"308\" height=\"752\" srcset=\"https:\/\/somdepapo.com.br\/portal\/wp-content\/uploads\/2020\/09\/IMG-20200910-WA0101-1.jpg 308w, https:\/\/somdepapo.com.br\/portal\/wp-content\/uploads\/2020\/09\/IMG-20200910-WA0101-1-123x300.jpg 123w, https:\/\/somdepapo.com.br\/portal\/wp-content\/uploads\/2020\/09\/IMG-20200910-WA0101-1-172x420.jpg 172w\" sizes=\"(max-width: 308px) 100vw, 308px\" \/><br \/>\nCom as novas regras, o cliente n\u00e3o pode ter pressa. Antes pod\u00edamos cortar o cabelo e barba em 1 hora. Hoje Infelizmente isso n\u00e3o existe mais, n\u00e3o \u00e9 nossa realidade atual. O cliente s\u00f3 pode ser atendido por um profissional por vez. A procura em demanda tem sido grande de corte, vem sendo muito procurado devido ao longo tempo do isolamento social o qual todos ficaram por longos m\u00eases sem fazerem os ajustes devido a pandemia.<\/p>\n<p style=\"text-align: justify;\">Assepsia dos materiais e o uso de capas descart\u00e1veis s\u00e3o fundamental para seguran\u00e7a de todos, tanto profissional e clientes !<\/p>\n<p>Att:<\/p>\n<p>Gilbertinho Cabeleireiro \ud83d\udc87\ud83c\udffb\u200d\u2642\ufe0f\ud83d\udc87\ud83c\udffc\u200d\u2640\ufe0f<\/p>\n","protected":false},"excerpt":{"rendered":"<p>Por Gilbertinho Cabelereiro A Est\u00e9tica pode continuar sendo cuidada com uma nova forma de aplicadas em atendimentos, com medidas de seguran\u00e7a. medi\u00e7\u00f5es t\u00e9rmicas, aquisi\u00e7\u00f5es de equipamentos EPI&#8217;s, capas e prop\u00e9 descart\u00e1veis para fazer o servi\u00e7o, al\u00e9m da m\u00e1scara, \u00e1lcool e luvas o qual ja eram usuais em nossa profiss\u00e3o. Regras de atendimento a ser seguidas [&hellip;]<\/p>\n","protected":false},"author":1,"featured_media":24368,"comment_status":"open","ping_status":"open","sticky":false,"template":"","format":"standard","meta":{"ngg_post_thumbnail":0,"footnotes":""},"categories":[2,32,41],"tags":[],"class_list":["post-24361","post","type-post","status-publish","format-standard","has-post-thumbnail","hentry","category-destaques","category-estetica","category-ultimasnoticias"],"_links":{"self":[{"href":"https:\/\/somdepapo.com.br\/portal\/wp-json\/wp\/v2\/posts\/24361","targetHints":{"allow":["GET"]}}],"collection":[{"href":"https:\/\/somdepapo.com.br\/portal\/wp-json\/wp\/v2\/posts"}],"about":[{"href":"https:\/\/somdepapo.com.br\/portal\/wp-json\/wp\/v2\/types\/post"}],"author":[{"embeddable":true,"href":"https:\/\/somdepapo.com.br\/portal\/wp-json\/wp\/v2\/users\/1"}],"replies":[{"embeddable":true,"href":"https:\/\/somdepapo.com.br\/portal\/wp-json\/wp\/v2\/comments?post=24361"}],"version-history":[{"count":1,"href":"https:\/\/somdepapo.com.br\/portal\/wp-json\/wp\/v2\/posts\/24361\/revisions"}],"predecessor-version":[{"id":24367,"href":"https:\/\/somdepapo.com.br\/portal\/wp-json\/wp\/v2\/posts\/24361\/revisions\/24367"}],"wp:featuredmedia":[{"embeddable":true,"href":"https:\/\/somdepapo.com.br\/portal\/wp-json\/wp\/v2\/media\/24368"}],"wp:attachment":[{"href":"https:\/\/somdepapo.com.br\/portal\/wp-json\/wp\/v2\/media?parent=24361"}],"wp:term":[{"taxonomy":"category","embeddable":true,"href":"https:\/\/somdepapo.com.br\/portal\/wp-json\/wp\/v2\/categories?post=24361"},{"taxonomy":"post_tag","embeddable":true,"href":"https:\/\/somdepapo.com.br\/portal\/wp-json\/wp\/v2\/tags?post=24361"}],"curies":[{"name":"wp","href":"https:\/\/api.w.org\/{rel}","templated":true}]}}