{"id":24371,"date":"2020-09-11T15:07:07","date_gmt":"2020-09-11T15:07:07","guid":{"rendered":"https:\/\/somdepapo.com.br\/portal\/?p=24371"},"modified":"2020-09-11T15:08:51","modified_gmt":"2020-09-11T15:08:51","slug":"24371-2","status":"publish","type":"post","link":"https:\/\/somdepapo.com.br\/portal\/24371-2\/","title":{"rendered":"Dica de lanche com P\u00e3ozinho Del\u00edcia"},"content":{"rendered":"<p style=\"text-align: right;\">Por Chef Jean Carlos Spiess<\/p>\n<p style=\"text-align: justify;\">Se voc\u00ea nunca ouviu falar de P\u00e3ozinho Del\u00edcia voc\u00ea n\u00e3o \u00e9 Baiano ou nunca foi para a Bahia. Esta iguaria \u00e9 item obrigat\u00f3rio em festinhas e definitivamente \u00e9 imposs\u00edvel comer apenas 1 unidade. S\u00f3 de falar j\u00e1 fiquei com desejo de comer essa gostosura&#8230;voc\u00ea n\u00e3o pode deixar de conferir.<br \/>\nP\u00e3o Delicia<br \/>\nIngredientes<br \/>\n500g farinha de trigo<br \/>\n300ml leite integral<br \/>\n20g fermento biol\u00f3gico<br \/>\n10g margarina<br \/>\n5g sal<br \/>\n80g a\u00e7\u00facar<br \/>\n50g ovo (uma unidade)<br \/>\n70g \u00f3leo de girassol<\/p>\n<p>Recheio<br \/>\n250ml leite integral<br \/>\n16g farinha de trigo<br \/>\n20g gema de ovo<br \/>\n1g de sal<br \/>\n15g margarina<br \/>\n30g queijo parmes\u00e3o ralado<br \/>\n100g creme de leite<\/p>\n<p>Cobertura<br \/>\n120g queijo parmes\u00e3o<br \/>\n100g manteiga<\/p>\n<p style=\"text-align: justify;\">Modo de Preparo:<br \/>\nEm um refrat\u00e1rio, adicione a metade da farinha de trigo e reserve o restante.<br \/>\nAdicione o a\u00e7\u00facar, o fermento e mexa. Em seguida coloque o leite e mexa mais uma vez. Adicione o \u00f3leo, o sal e os ovos.<br \/>\nComece a sovar e vai adicionando o restante da farinha de trigo, at\u00e9 obter uma massa lisa e el\u00e1stica. Sove bem, por aproximadamente 15 minutos, pois esse \u00e9 o grande segredo.<br \/>\nDeixe a massa descansar por 30 minutos, ap\u00f3s ter completado o tempo necess\u00e1rio, \u00e9 hora de modelar os p\u00e3ezinhos.<br \/>\nUnte as m\u00e3os com margarina e modele cada p\u00e3ozinho em formato redondo. Coloque em tabuleiros untados e enfarinhados. Abafe os p\u00e3ezinhos e deixe-os descansar por 1 hora.<br \/>\nPr\u00e9-aque\u00e7a o forno a 200\u00baC e leve para assar.<br \/>\nEnquanto os p\u00e3ezinhos est\u00e3o no forno, \u00e9 hora de preparar o recheio. Em uma panela adicione, o leite, a gema, a farinha de trigo e a margarina. Leve ao fogo mexendo bem, at\u00e9 obter um creme suave. Depois adicione o queijo, o creme de leite e deixe no fogo at\u00e9 o queijo derreter e reserve.<br \/>\nUma dica: O ponto do p\u00e3ozinho \u00e9 n\u00e3o deixar ele corado, quanto mais branquinho, mais macio ficar\u00e1!<br \/>\nPara prepar\u00e1-lo, corte-o, passe creme de queijo, pincele com margarina e polvilhe com queijo ralado.<\/p>\n<p style=\"text-align: justify;\">Instagram @chefjeanspiess<\/p>\n<p>Fonte da Imagem: trigodavila.com.br<\/p>\n","protected":false},"excerpt":{"rendered":"<p>Por Chef Jean Carlos Spiess Se voc\u00ea nunca ouviu falar de P\u00e3ozinho Del\u00edcia voc\u00ea n\u00e3o \u00e9 Baiano ou nunca foi para a Bahia. Esta iguaria \u00e9 item obrigat\u00f3rio em festinhas e definitivamente \u00e9 imposs\u00edvel comer apenas 1 unidade. S\u00f3 de falar j\u00e1 fiquei com desejo de comer essa gostosura&#8230;voc\u00ea n\u00e3o pode deixar de conferir. P\u00e3o [&hellip;]<\/p>\n","protected":false},"author":1,"featured_media":24372,"comment_status":"open","ping_status":"open","sticky":false,"template":"","format":"standard","meta":{"ngg_post_thumbnail":0,"footnotes":""},"categories":[2,8,41],"tags":[],"class_list":["post-24371","post","type-post","status-publish","format-standard","has-post-thumbnail","hentry","category-destaques","category-gastronomia","category-ultimasnoticias"],"_links":{"self":[{"href":"https:\/\/somdepapo.com.br\/portal\/wp-json\/wp\/v2\/posts\/24371","targetHints":{"allow":["GET"]}}],"collection":[{"href":"https:\/\/somdepapo.com.br\/portal\/wp-json\/wp\/v2\/posts"}],"about":[{"href":"https:\/\/somdepapo.com.br\/portal\/wp-json\/wp\/v2\/types\/post"}],"author":[{"embeddable":true,"href":"https:\/\/somdepapo.com.br\/portal\/wp-json\/wp\/v2\/users\/1"}],"replies":[{"embeddable":true,"href":"https:\/\/somdepapo.com.br\/portal\/wp-json\/wp\/v2\/comments?post=24371"}],"version-history":[{"count":2,"href":"https:\/\/somdepapo.com.br\/portal\/wp-json\/wp\/v2\/posts\/24371\/revisions"}],"predecessor-version":[{"id":24374,"href":"https:\/\/somdepapo.com.br\/portal\/wp-json\/wp\/v2\/posts\/24371\/revisions\/24374"}],"wp:featuredmedia":[{"embeddable":true,"href":"https:\/\/somdepapo.com.br\/portal\/wp-json\/wp\/v2\/media\/24372"}],"wp:attachment":[{"href":"https:\/\/somdepapo.com.br\/portal\/wp-json\/wp\/v2\/media?parent=24371"}],"wp:term":[{"taxonomy":"category","embeddable":true,"href":"https:\/\/somdepapo.com.br\/portal\/wp-json\/wp\/v2\/categories?post=24371"},{"taxonomy":"post_tag","embeddable":true,"href":"https:\/\/somdepapo.com.br\/portal\/wp-json\/wp\/v2\/tags?post=24371"}],"curies":[{"name":"wp","href":"https:\/\/api.w.org\/{rel}","templated":true}]}}