{"id":24490,"date":"2020-09-18T12:05:15","date_gmt":"2020-09-18T12:05:15","guid":{"rendered":"https:\/\/somdepapo.com.br\/portal\/?p=24490"},"modified":"2020-09-18T12:05:15","modified_gmt":"2020-09-18T12:05:15","slug":"melhorias-no-rosto-cansado","status":"publish","type":"post","link":"https:\/\/somdepapo.com.br\/portal\/melhorias-no-rosto-cansado\/","title":{"rendered":"Melhorias no rosto &#8220;cansado&#8221;"},"content":{"rendered":"<p style=\"text-align: right;\">Por Dr Vinicius Said<\/p>\n<p style=\"text-align: justify;\">Eliminando olheiras e devolvendo o volume perdido: saiba como melhorar o aspecto \u201ccansado\u201d do\u00a0rosto<br \/>\nProcedimentos est\u00e9ticos revitalizam contorno facial, diminuem flacidez e suavizam sulcos faciais, promovendo plenitude da apar\u00eancia.<br \/>\nEntre as cicatrizes deixadas pelo distanciamento social, a altera\u00e7\u00e3o da rotina, ansiedade e estresse elevaram os dist\u00farbios no sono dos brasileiros durante a pandemia. Atingindo cerca de 41% da popula\u00e7\u00e3o, segundo avalia\u00e7\u00e3o do Minist\u00e9rio da Sa\u00fade, as consequ\u00eancias das noites mal dormidas chegam no formato de olheiras, marcas de express\u00e3o e envelhecimento da pele, deixando o aspecto visual do rosto abatido e inadequado para reuni\u00f5es de trabalho online (home office) no dia seguinte.<br \/>\nPara melhorar o aspecto exausto nas faces e dar um \u201cupgrade\u201d na autoestima, os procedimentos est\u00e9ticos em cl\u00ednicas tem sido um aliado dos brasileiros. De acordo com a \u201cPesquisa Est\u00e9tica Global\u201d\u200a\u2014\u200arealizada pela Sociedade Internacional de Cirurgia Pl\u00e1stica Est\u00e9tica (ISAPS)\u200a\u2014\u200ao Brasil se encontra em segundo lugar no ranqueamento de pa\u00edses que mais fizeram procedimentos est\u00e9ticos em 2019, com m\u00e9dia geral de crescimento avaliada em 5%.<br \/>\nPara o especialista em Biomedicina Est\u00e9tica, Dr. Vinicius Said, a fisionomia fatigada pode ser causada por in\u00fameros fatores, entre eles, os dist\u00farbios do sono e a causa natural do envelhecimento. Em resposta \u00e0 \u201capar\u00eancia cansada\u201d, o biom\u00e9dico baiano vem observando uma procura cada vez maior entre brasileiros por procedimentos faciais em 5 anos de atua\u00e7\u00e3o no mercado. Segundo o profissional, a revitaliza\u00e7\u00e3o do rosto pode ser feita nas cl\u00ednicas de est\u00e9tica atrav\u00e9s de bioestimuladores de col\u00e1geno, preenchedores ou uma associa\u00e7\u00e3o entre ambos.<br \/>\n\u201cUma das alternativas para tratar essa caracter\u00edstica de fadiga, indesejada no rosto, \u00e9 fazendo o uso dos preenchedores, capazes de tratar o volume e valorizar certos contornos faciais, principalmente na regi\u00e3o malar. Al\u00e9m disso, \u00e9 poss\u00edvel hidratar a \u00e1rea para melhorar seu aspecto. O uso dos bioestimuladores de col\u00e1geno, por outro lado, possibilita o aumento na produ\u00e7\u00e3o dos fibroblastos no tecido, levando uma melhora as fibras col\u00e1genas, el\u00e1sticas e atraindo subst\u00e2ncias \u2018eutr\u00f3ficas\u2019 que v\u00e3o fazer o processo de nutri\u00e7\u00e3o da pele\u201d, explica.<br \/>\nFormado pela Escola Bahiana de Medicina e Sa\u00fade P\u00fablica, o biom\u00e9dico revela que um melhor resultado pode ser garantido fazendo uma associa\u00e7\u00e3o do \u201cpreenchedor\u201d e \u201cbioestimulador\u201d em pontos espec\u00edficos da face. Entre os benef\u00edcios de ambos os procedimentos, Vinicius cita a revitaliza\u00e7\u00e3o do contorno, diminui\u00e7\u00e3o da flacidez da pele, suaviza\u00e7\u00e3o de rugas, linhas de express\u00e3o, olheiras e sulcos faciais, e devolu\u00e7\u00e3o da plenitude do rosto, somado a sensa\u00e7\u00e3o de bem-estar na autoestima.<br \/>\nAtuando na cl\u00ednica \u201cDr. Vinicius Said\u201d\u200a\u2014\u200alocalizada no bairro da Pituba, Av. Professor Magalh\u00e3es Neto, 1856, Empresarial TK Tower, t\u00e9rreo\u200a\u2014\u200a, o doutor conta que muitos clientes tem solicitado procedimentos para revitalizar o contorno do rosto e harmonizar a face como um todo (depress\u00f5es na pele, cicatrizes e acnes) mesmo antes da pandemia. Segundo o especialista e revisor da \u201cRevista Brasileira de Est\u00e9tica\u201d, os baianos tem buscado o rejuvenescimento e melhoria na qualidade da pele, investindo bastante tempo nos cuidados com a apar\u00eancia.<\/p>\n<p style=\"text-align: justify;\"><img fetchpriority=\"high\" decoding=\"async\" class=\"alignnone size-full wp-image-24492\" src=\"https:\/\/somdepapo.com.br\/portal\/wp-content\/uploads\/2020\/09\/WhatsApp-Image-2020-09-17-at-14.14.31.jpeg\" alt=\"\" width=\"800\" height=\"800\" srcset=\"https:\/\/somdepapo.com.br\/portal\/wp-content\/uploads\/2020\/09\/WhatsApp-Image-2020-09-17-at-14.14.31.jpeg 800w, https:\/\/somdepapo.com.br\/portal\/wp-content\/uploads\/2020\/09\/WhatsApp-Image-2020-09-17-at-14.14.31-300x300.jpeg 300w, https:\/\/somdepapo.com.br\/portal\/wp-content\/uploads\/2020\/09\/WhatsApp-Image-2020-09-17-at-14.14.31-150x150.jpeg 150w, https:\/\/somdepapo.com.br\/portal\/wp-content\/uploads\/2020\/09\/WhatsApp-Image-2020-09-17-at-14.14.31-768x768.jpeg 768w, https:\/\/somdepapo.com.br\/portal\/wp-content\/uploads\/2020\/09\/WhatsApp-Image-2020-09-17-at-14.14.31-696x696.jpeg 696w, https:\/\/somdepapo.com.br\/portal\/wp-content\/uploads\/2020\/09\/WhatsApp-Image-2020-09-17-at-14.14.31-420x420.jpeg 420w\" sizes=\"(max-width: 800px) 100vw, 800px\" \/><br \/>\n\u201cAntes de submeter qualquer paciente aos procedimentos, cabe uma avalia\u00e7\u00e3o meticulosa, com planejamento correto e espec\u00edfico para cada indiv\u00edduo, expondo as melhores t\u00e9cnicas e caminhos para que ele se sinta confort\u00e1vel com os resultados\u201d, conclui.<br \/>\nPara mais informa\u00e7\u00f5es sobre a Cl\u00ednica Dr. Vinicius Said, entre em contato atrav\u00e9s do telefone 71 3035\u20131085 e 71 9 91908415, ou acesse o perfil do Instagram @viniciusaid.<\/p>\n","protected":false},"excerpt":{"rendered":"<p>Por Dr Vinicius Said Eliminando olheiras e devolvendo o volume perdido: saiba como melhorar o aspecto \u201ccansado\u201d do\u00a0rosto Procedimentos est\u00e9ticos revitalizam contorno facial, diminuem flacidez e suavizam sulcos faciais, promovendo plenitude da apar\u00eancia. Entre as cicatrizes deixadas pelo distanciamento social, a altera\u00e7\u00e3o da rotina, ansiedade e estresse elevaram os dist\u00farbios no sono dos brasileiros durante [&hellip;]<\/p>\n","protected":false},"author":1,"featured_media":24491,"comment_status":"open","ping_status":"open","sticky":false,"template":"","format":"standard","meta":{"ngg_post_thumbnail":0,"footnotes":""},"categories":[2,32,41],"tags":[],"class_list":["post-24490","post","type-post","status-publish","format-standard","has-post-thumbnail","hentry","category-destaques","category-estetica","category-ultimasnoticias"],"_links":{"self":[{"href":"https:\/\/somdepapo.com.br\/portal\/wp-json\/wp\/v2\/posts\/24490","targetHints":{"allow":["GET"]}}],"collection":[{"href":"https:\/\/somdepapo.com.br\/portal\/wp-json\/wp\/v2\/posts"}],"about":[{"href":"https:\/\/somdepapo.com.br\/portal\/wp-json\/wp\/v2\/types\/post"}],"author":[{"embeddable":true,"href":"https:\/\/somdepapo.com.br\/portal\/wp-json\/wp\/v2\/users\/1"}],"replies":[{"embeddable":true,"href":"https:\/\/somdepapo.com.br\/portal\/wp-json\/wp\/v2\/comments?post=24490"}],"version-history":[{"count":1,"href":"https:\/\/somdepapo.com.br\/portal\/wp-json\/wp\/v2\/posts\/24490\/revisions"}],"predecessor-version":[{"id":24493,"href":"https:\/\/somdepapo.com.br\/portal\/wp-json\/wp\/v2\/posts\/24490\/revisions\/24493"}],"wp:featuredmedia":[{"embeddable":true,"href":"https:\/\/somdepapo.com.br\/portal\/wp-json\/wp\/v2\/media\/24491"}],"wp:attachment":[{"href":"https:\/\/somdepapo.com.br\/portal\/wp-json\/wp\/v2\/media?parent=24490"}],"wp:term":[{"taxonomy":"category","embeddable":true,"href":"https:\/\/somdepapo.com.br\/portal\/wp-json\/wp\/v2\/categories?post=24490"},{"taxonomy":"post_tag","embeddable":true,"href":"https:\/\/somdepapo.com.br\/portal\/wp-json\/wp\/v2\/tags?post=24490"}],"curies":[{"name":"wp","href":"https:\/\/api.w.org\/{rel}","templated":true}]}}