{"id":24580,"date":"2020-09-25T18:20:53","date_gmt":"2020-09-25T18:20:53","guid":{"rendered":"https:\/\/somdepapo.com.br\/portal\/?p=24580"},"modified":"2020-09-25T18:20:53","modified_gmt":"2020-09-25T18:20:53","slug":"reconstrucao-capilar","status":"publish","type":"post","link":"https:\/\/somdepapo.com.br\/portal\/reconstrucao-capilar\/","title":{"rendered":"Reconstru\u00e7\u00e3o Capilar"},"content":{"rendered":"<p style=\"text-align: right;\">Por Gilbertinho Cabelereiro<\/p>\n<p style=\"text-align: justify;\">A reconstru\u00e7\u00e3o capilar \u00e9 muito importante porque devolve os nutrientes perdidos pelo cabelo, em especial quando passa por procedimentos qu\u00edmicos de luzes, selagem, colora\u00e7\u00e3o dentre outros.<\/p>\n<p><img fetchpriority=\"high\" decoding=\"async\" class=\"alignnone size-full wp-image-24582\" src=\"https:\/\/somdepapo.com.br\/portal\/wp-content\/uploads\/2020\/09\/Screenshot_20200925-151750.jpg\" alt=\"\" width=\"960\" height=\"540\" srcset=\"https:\/\/somdepapo.com.br\/portal\/wp-content\/uploads\/2020\/09\/Screenshot_20200925-151750.jpg 960w, https:\/\/somdepapo.com.br\/portal\/wp-content\/uploads\/2020\/09\/Screenshot_20200925-151750-300x169.jpg 300w, https:\/\/somdepapo.com.br\/portal\/wp-content\/uploads\/2020\/09\/Screenshot_20200925-151750-768x432.jpg 768w, https:\/\/somdepapo.com.br\/portal\/wp-content\/uploads\/2020\/09\/Screenshot_20200925-151750-696x392.jpg 696w, https:\/\/somdepapo.com.br\/portal\/wp-content\/uploads\/2020\/09\/Screenshot_20200925-151750-747x420.jpg 747w\" sizes=\"(max-width: 960px) 100vw, 960px\" \/><\/p>\n<p style=\"text-align: justify;\">\u00c9 fundamental repor as prote\u00ednas para recupera a integridade dos fios. &#8230; Esse tratamento proporciona condi\u00e7\u00f5es para que as fibras fiquem fortalecidas e respondam a outros procedimentos de sa\u00fade capilar, como a nutri\u00e7\u00e3o e a hidrata\u00e7\u00e3o. Al\u00e9m de proteger a arte e mol\u00e9cula capilar, concedendo brilho, deixando o cabelo cedoso e macio!<\/p>\n<p>Gilbertinho Cabeleireiro \ud83d\udc87\ud83c\udffc\u200d\u2640\ufe0f\ud83d\udc87\ud83c\udffb\u200d\u2642\ufe0f<\/p>\n<p style=\"text-align: justify;\">Instagram @gilbertinhocabeleireiro<\/p>\n","protected":false},"excerpt":{"rendered":"<p>Por Gilbertinho Cabelereiro A reconstru\u00e7\u00e3o capilar \u00e9 muito importante porque devolve os nutrientes perdidos pelo cabelo, em especial quando passa por procedimentos qu\u00edmicos de luzes, selagem, colora\u00e7\u00e3o dentre outros. \u00c9 fundamental repor as prote\u00ednas para recupera a integridade dos fios. &#8230; Esse tratamento proporciona condi\u00e7\u00f5es para que as fibras fiquem fortalecidas e respondam a outros [&hellip;]<\/p>\n","protected":false},"author":1,"featured_media":24581,"comment_status":"open","ping_status":"open","sticky":false,"template":"","format":"standard","meta":{"ngg_post_thumbnail":0,"footnotes":""},"categories":[2,32,41],"tags":[],"class_list":["post-24580","post","type-post","status-publish","format-standard","has-post-thumbnail","hentry","category-destaques","category-estetica","category-ultimasnoticias"],"_links":{"self":[{"href":"https:\/\/somdepapo.com.br\/portal\/wp-json\/wp\/v2\/posts\/24580","targetHints":{"allow":["GET"]}}],"collection":[{"href":"https:\/\/somdepapo.com.br\/portal\/wp-json\/wp\/v2\/posts"}],"about":[{"href":"https:\/\/somdepapo.com.br\/portal\/wp-json\/wp\/v2\/types\/post"}],"author":[{"embeddable":true,"href":"https:\/\/somdepapo.com.br\/portal\/wp-json\/wp\/v2\/users\/1"}],"replies":[{"embeddable":true,"href":"https:\/\/somdepapo.com.br\/portal\/wp-json\/wp\/v2\/comments?post=24580"}],"version-history":[{"count":1,"href":"https:\/\/somdepapo.com.br\/portal\/wp-json\/wp\/v2\/posts\/24580\/revisions"}],"predecessor-version":[{"id":24583,"href":"https:\/\/somdepapo.com.br\/portal\/wp-json\/wp\/v2\/posts\/24580\/revisions\/24583"}],"wp:featuredmedia":[{"embeddable":true,"href":"https:\/\/somdepapo.com.br\/portal\/wp-json\/wp\/v2\/media\/24581"}],"wp:attachment":[{"href":"https:\/\/somdepapo.com.br\/portal\/wp-json\/wp\/v2\/media?parent=24580"}],"wp:term":[{"taxonomy":"category","embeddable":true,"href":"https:\/\/somdepapo.com.br\/portal\/wp-json\/wp\/v2\/categories?post=24580"},{"taxonomy":"post_tag","embeddable":true,"href":"https:\/\/somdepapo.com.br\/portal\/wp-json\/wp\/v2\/tags?post=24580"}],"curies":[{"name":"wp","href":"https:\/\/api.w.org\/{rel}","templated":true}]}}