{"id":24654,"date":"2020-10-02T09:54:44","date_gmt":"2020-10-02T09:54:44","guid":{"rendered":"https:\/\/somdepapo.com.br\/portal\/?p=24654"},"modified":"2020-10-02T09:54:44","modified_gmt":"2020-10-02T09:54:44","slug":"mascne","status":"publish","type":"post","link":"https:\/\/somdepapo.com.br\/portal\/mascne\/","title":{"rendered":"Mascne"},"content":{"rendered":"<p style=\"text-align: right;\">Por Vinicius Said<\/p>\n<p style=\"text-align: justify;\">\u201cMascne\u201d: entenda o aumento do aparecimento de acne pelo uso de\u00a0m\u00e1scaras<br \/>\nSegundo estudo publicado na \u201cAmerican Academy of Dermatology\u201d, 83% dos profissionais de sa\u00fade em Hubei relataram o aparecimento de acnes.<br \/>\nO uso de m\u00e1scaras para evitar o cont\u00e1gio pelo novo coronav\u00edrus (SARS-COV-2) tornou-se uma necessidade em escala global. No Brasil, uma pesquisa do Instituto Datafolha revela que nove em cada dez entrevistados afirmam utilizar o Equipamento de Prote\u00e7\u00e3o Individual (EPI) quando est\u00e3o fora de casa. Embora o uso das m\u00e1scaras seja imprescind\u00edvel para a seguran\u00e7a individual e coletiva, relatos sobre o aumento de acnes na pele dispararam.<br \/>\nEsse \u00e9 o caso do baiano Talison de Melo (22). Instalador de placas solares, Talison explica que al\u00e9m de usar capacete e face shield durante o trabalho, a pandemia trouxe o adendo das m\u00e1scaras, contribuindo para o aumento de oleosidade na pele. O resultado, segundo o instalador, \u00e9 a amplia\u00e7\u00e3o no n\u00famero de cravos (acne) na regi\u00e3o nasal. \u201cO n\u00famero de cravos no meu nariz aumentou bastante durante a pandemia, chegando at\u00e9 a arder quando passo o dedo\u201d, relata.<br \/>\nUm epis\u00f3dio semelhante aconteceu com profissionais da sa\u00fade que atuaram em Hubei, na China, segundo levantamento publicado na \u201cAmerican Academy of Dermatology\u201d. Conforme o estudo, 83% dos entrevistados relataram o aparecimento de acnes no rosto. O fen\u00f4meno dermatol\u00f3gico, intitulado \u201cmascne\u201d (m\u00e1scara + acne), vem ganhando espa\u00e7o por explicar a inflama\u00e7\u00e3o da pele devido ao uso do equipamento.<br \/>\n\u201cUm dos problemas que vem sendo bastante enfatizado nessa \u00e9poca de pandemia \u00e9 o aparecimento de acnes e outras doen\u00e7as inflamat\u00f3rias de pele, como a ros\u00e1cea; ambas devido ao uso da m\u00e1scara e outros fatores correlacionados, como altera\u00e7\u00f5es emocionais e hormonais. Esse tipo de doen\u00e7a tem surgido em fun\u00e7\u00e3o do abafamento da regi\u00e3o e pelo mal uso do equipamento, gerando certos tipos de irrita\u00e7\u00e3o na pele, al\u00e9m do aumento da oleosidade da regi\u00e3o. Esse fen\u00f4meno pode ser amenizado com h\u00e1bitos corretos e cuidados na hora de higienizar as m\u00e1scaras\u201d, explica o especialista em Biomedicina Est\u00e9tica e palestrante internacional, Vinicius Said.<br \/>\nFormado pela \u201cEscola Bahiana de Medicina e Sa\u00fade P\u00fablica\u201d, o biom\u00e9dico destaca que as \u00e1reas de nariz e boca j\u00e1 s\u00e3o contaminadas por bact\u00e9rias que colonizam a regi\u00e3o, embora algumas n\u00e3o se enquadrem na categoria de \u2018patog\u00eanicas\u2019. \u201cUma das bact\u00e9rias mais frequentes s\u00e3o as do g\u00eanero Staphylococcus, como por exemplo: \u2018Staphylococcus epidermidis\u2019; e \u00e0s vezes, em alguns casos, a \u2018Staphylococcus aureus\u2019 aparece na regi\u00e3o\u201d, elucida.<br \/>\nSegundo Vinicius, \u00e9 a m\u00e1 higieniza\u00e7\u00e3o da regi\u00e3o, atrelada ao uso inadequado das m\u00e1scaras, que colabora para o processo inflamat\u00f3rio da pele, gerando as irrita\u00e7\u00f5es que se manifestam atrav\u00e9s de cravos e espinhas. Destacando dicas sobre como amenizar o processo inflamat\u00f3rio da pele que vem acometendo a popula\u00e7\u00e3o, o revisor da \u201cRevista de Est\u00e9tica Brasileira\u201d separou 4 instru\u00e7\u00f5es de higieniza\u00e7\u00e3o para evitar a prolifera\u00e7\u00e3o da acne no rosto.<br \/>\nConfira abaixo:<br \/>\nUSE SABONETE ESPEC\u00cdFICO PARA O TIPO DE PELE<br \/>\n\u201cAntes de tudo, identifique o tipo da pele para adquirir o sabonete ideal. Se a pele for oleosa, sabonetes a base de \u00e1cido glic\u00f3lico ou salic\u00edlico s\u00e3o algumas das alternativas oferecidas pelo mercado, contudo, sempre analise a concentra\u00e7\u00e3o para n\u00e3o irritar ou manchar a pele. Outra dica, caso n\u00e3o tenha um sabonete prescrito por um profissional, \u00e9 lavar o rosto com sabonete neutro\u201d, explica.<br \/>\n\u00c1GUA TERMAL E HIDRATANTES<br \/>\n\u201cAl\u00e9m de fazer a higieniza\u00e7\u00e3o com o sabonete espec\u00edfico, fa\u00e7a o uso de \u00e1gua termal e hidratantes na regi\u00e3o da face para minimizar a irritabilidade. Existe casos tamb\u00e9m de pacientes que desenvolveram ros\u00e1cea, condi\u00e7\u00e3o que a pele fica \u2018rosadinha\u2019, portanto, cremes \u00e0 base de \u2018Rosa Mosqueta\u2019 ou mais calmantes, como \u2018Baume\u2019, ajudam a melhorar o aspecto da face\u201d.<br \/>\nTROQUE A M\u00c1SCARA CORRETAMENTE<br \/>\n\u201cSe for feito o uso das m\u00e1scaras descart\u00e1veis, \u00e9 preciso lembrar da troca do equipamento. Infelizmente tem pessoas que usam esse tipo de m\u00e1scara o dia todo. \u00c9 importante trocar em um per\u00edodo m\u00e1ximo de 3 a 4h. Para pacientes que usam m\u00e1scara de pano, esses equipamentos devem ser lavados e substitu\u00eddos para evitar a contamina\u00e7\u00e3o\u201d.<br \/>\nUSE FILTRO SOLAR<br \/>\n\u201cIndispens\u00e1vel, o filtro solar cria uma prote\u00e7\u00e3o na pele, ajudando a proteger tanto dos raios ultravioleta (UV), como auxiliam a hidrata\u00e7\u00e3o da regi\u00e3o, em virtude dos ativos presentes em sua composi\u00e7\u00e3o. Quanto mais hidratada a pele estiver, menos irritada e suscet\u00edvel a inflama\u00e7\u00f5es ela vai ficar\u201d, conclui.<br \/>\nPara mais informa\u00e7\u00f5es sobre a Cl\u00ednica Dr. Vinicius Said, entre em contato atrav\u00e9s do telefone 71 3035\u20131085 e 71 991908415, ou acesse o perfil do Instagram @viniciusaid.<\/p>\n","protected":false},"excerpt":{"rendered":"<p>Por Vinicius Said \u201cMascne\u201d: entenda o aumento do aparecimento de acne pelo uso de\u00a0m\u00e1scaras Segundo estudo publicado na \u201cAmerican Academy of Dermatology\u201d, 83% dos profissionais de sa\u00fade em Hubei relataram o aparecimento de acnes. O uso de m\u00e1scaras para evitar o cont\u00e1gio pelo novo coronav\u00edrus (SARS-COV-2) tornou-se uma necessidade em escala global. No Brasil, uma [&hellip;]<\/p>\n","protected":false},"author":1,"featured_media":24655,"comment_status":"open","ping_status":"open","sticky":false,"template":"","format":"standard","meta":{"ngg_post_thumbnail":0,"footnotes":""},"categories":[2,32,41],"tags":[],"class_list":["post-24654","post","type-post","status-publish","format-standard","has-post-thumbnail","hentry","category-destaques","category-estetica","category-ultimasnoticias"],"_links":{"self":[{"href":"https:\/\/somdepapo.com.br\/portal\/wp-json\/wp\/v2\/posts\/24654","targetHints":{"allow":["GET"]}}],"collection":[{"href":"https:\/\/somdepapo.com.br\/portal\/wp-json\/wp\/v2\/posts"}],"about":[{"href":"https:\/\/somdepapo.com.br\/portal\/wp-json\/wp\/v2\/types\/post"}],"author":[{"embeddable":true,"href":"https:\/\/somdepapo.com.br\/portal\/wp-json\/wp\/v2\/users\/1"}],"replies":[{"embeddable":true,"href":"https:\/\/somdepapo.com.br\/portal\/wp-json\/wp\/v2\/comments?post=24654"}],"version-history":[{"count":1,"href":"https:\/\/somdepapo.com.br\/portal\/wp-json\/wp\/v2\/posts\/24654\/revisions"}],"predecessor-version":[{"id":24656,"href":"https:\/\/somdepapo.com.br\/portal\/wp-json\/wp\/v2\/posts\/24654\/revisions\/24656"}],"wp:featuredmedia":[{"embeddable":true,"href":"https:\/\/somdepapo.com.br\/portal\/wp-json\/wp\/v2\/media\/24655"}],"wp:attachment":[{"href":"https:\/\/somdepapo.com.br\/portal\/wp-json\/wp\/v2\/media?parent=24654"}],"wp:term":[{"taxonomy":"category","embeddable":true,"href":"https:\/\/somdepapo.com.br\/portal\/wp-json\/wp\/v2\/categories?post=24654"},{"taxonomy":"post_tag","embeddable":true,"href":"https:\/\/somdepapo.com.br\/portal\/wp-json\/wp\/v2\/tags?post=24654"}],"curies":[{"name":"wp","href":"https:\/\/api.w.org\/{rel}","templated":true}]}}