{"id":24657,"date":"2020-10-02T15:28:24","date_gmt":"2020-10-02T15:28:24","guid":{"rendered":"https:\/\/somdepapo.com.br\/portal\/?p=24657"},"modified":"2020-10-02T15:28:24","modified_gmt":"2020-10-02T15:28:24","slug":"bolo-de-especiarias","status":"publish","type":"post","link":"https:\/\/somdepapo.com.br\/portal\/bolo-de-especiarias\/","title":{"rendered":"Bolo de Especiarias"},"content":{"rendered":"<p style=\"text-align: right;\">Por Chef Jean Carlos Spiess<\/p>\n<p style=\"text-align: justify;\">\nA dica de hoje \u00e9 um bolo cheio de aromas e sabores, vamos utilizar as especiarias, essa composi\u00e7\u00e3o de especiarias vai deixar um bolo muito arom\u00e1tico com sabores suaves de especiarias, ideal para um caf\u00e9 no meio da tarde.<br \/>\nBOLO DE ESPECIARIAS<br \/>\nINGREDIENTES<br \/>\n1 x\u00edcara (ch\u00e1) de iogurte<br \/>\n2 x\u00edcaras (ch\u00e1) de farinha de trigo<br \/>\n4 ovos<br \/>\n1 \u00bd x\u00edcara (ch\u00e1) de a\u00e7\u00facar mascavo<br \/>\n\u2154 de x\u00edcara (ch\u00e1) de \u00f3leo<br \/>\n1 colher (sopa) de fermento em p\u00f3<br \/>\n3 colheres (ch\u00e1) de canela em p\u00f3<br \/>\n3 colheres (ch\u00e1) de gengibre em p\u00f3<br \/>\n3 bagas de cardamomo<br \/>\n1 pitada de noz-moscada ralada na hora<br \/>\n1 pitada de cravo em p\u00f3<br \/>\nManteiga para untar a f\u00f4rma, a\u00e7\u00facar refinado e canela a gosto para polvilhar a f\u00f4rma.<\/p>\n<p style=\"text-align: justify;\">MODO DE PREPARO<br \/>\nPreaque\u00e7a o forno a 180 \u00baC (temperatura m\u00e9dia). Unte com manteiga uma f\u00f4rma redonda com furo no meio de 24 cm de di\u00e2metro. Misture um pouco de a\u00e7\u00facar refinado com canela, polvilhe a f\u00f4rma e chacoalhe bem para espalhar. Bata sobre a pia para retirar o excesso.<br \/>\nNuma tigela pequena, quebre um ovo de cada vez e transfira para o copo do liquidificador &#8211; se um estiver estragado voc\u00ea n\u00e3o perde a receita. Junte o iogurte, o \u00f3leo, o a\u00e7\u00facar, a canela, o gengibre, a noz-moscada e o cravo em p\u00f3. Com uma faquinha, corte a ponta das bagas de cardamomo, retire as sementes e junte aos ingredientes. Bata por cerca de 3 minutos at\u00e9 ficar liso e transfira para uma tigela grande.<br \/>\nAdicione 1 x\u00edcara (ch\u00e1) de farinha por vez, passando pela peneira, e misture delicadamente com o batedor de arame para incorporar. Por \u00faltimo misture o fermento.<br \/>\nTransfira a massa do bolo para a f\u00f4rma preparada e leve ao forno. Deixe assar por cerca de 35 minutos. Para saber se o bolo est\u00e1 assado, espete um palito: se sair limpo \u00e9 sinal que est\u00e1 pronto; caso contr\u00e1rio deixe assar por mais alguns minutos.<\/p>\n<p>Instagram @chefjeanspiess<\/p>\n","protected":false},"excerpt":{"rendered":"<p>Por Chef Jean Carlos Spiess A dica de hoje \u00e9 um bolo cheio de aromas e sabores, vamos utilizar as especiarias, essa composi\u00e7\u00e3o de especiarias vai deixar um bolo muito arom\u00e1tico com sabores suaves de especiarias, ideal para um caf\u00e9 no meio da tarde. BOLO DE ESPECIARIAS INGREDIENTES 1 x\u00edcara (ch\u00e1) de iogurte 2 x\u00edcaras [&hellip;]<\/p>\n","protected":false},"author":1,"featured_media":24658,"comment_status":"open","ping_status":"open","sticky":false,"template":"","format":"standard","meta":{"ngg_post_thumbnail":0,"footnotes":""},"categories":[2,8,41],"tags":[],"class_list":["post-24657","post","type-post","status-publish","format-standard","has-post-thumbnail","hentry","category-destaques","category-gastronomia","category-ultimasnoticias"],"_links":{"self":[{"href":"https:\/\/somdepapo.com.br\/portal\/wp-json\/wp\/v2\/posts\/24657","targetHints":{"allow":["GET"]}}],"collection":[{"href":"https:\/\/somdepapo.com.br\/portal\/wp-json\/wp\/v2\/posts"}],"about":[{"href":"https:\/\/somdepapo.com.br\/portal\/wp-json\/wp\/v2\/types\/post"}],"author":[{"embeddable":true,"href":"https:\/\/somdepapo.com.br\/portal\/wp-json\/wp\/v2\/users\/1"}],"replies":[{"embeddable":true,"href":"https:\/\/somdepapo.com.br\/portal\/wp-json\/wp\/v2\/comments?post=24657"}],"version-history":[{"count":1,"href":"https:\/\/somdepapo.com.br\/portal\/wp-json\/wp\/v2\/posts\/24657\/revisions"}],"predecessor-version":[{"id":24659,"href":"https:\/\/somdepapo.com.br\/portal\/wp-json\/wp\/v2\/posts\/24657\/revisions\/24659"}],"wp:featuredmedia":[{"embeddable":true,"href":"https:\/\/somdepapo.com.br\/portal\/wp-json\/wp\/v2\/media\/24658"}],"wp:attachment":[{"href":"https:\/\/somdepapo.com.br\/portal\/wp-json\/wp\/v2\/media?parent=24657"}],"wp:term":[{"taxonomy":"category","embeddable":true,"href":"https:\/\/somdepapo.com.br\/portal\/wp-json\/wp\/v2\/categories?post=24657"},{"taxonomy":"post_tag","embeddable":true,"href":"https:\/\/somdepapo.com.br\/portal\/wp-json\/wp\/v2\/tags?post=24657"}],"curies":[{"name":"wp","href":"https:\/\/api.w.org\/{rel}","templated":true}]}}