{"id":24723,"date":"2020-10-09T16:30:48","date_gmt":"2020-10-09T16:30:48","guid":{"rendered":"https:\/\/somdepapo.com.br\/portal\/?p=24723"},"modified":"2020-10-09T16:31:48","modified_gmt":"2020-10-09T16:31:48","slug":"cabelos-danificados-como-lavar","status":"publish","type":"post","link":"https:\/\/somdepapo.com.br\/portal\/cabelos-danificados-como-lavar\/","title":{"rendered":"Cabelos Danificados: como lavar?"},"content":{"rendered":"<p style=\"text-align: right;\">Por Gilbertinho Cabelereiro<\/p>\n<p style=\"text-align: justify;\">Para lavar o cabelo \u00e9 um costume t\u00e3o autom\u00e1tico que muita gente nem sabe fazer direito. Ao higienizar os fios da forma errada \u00e9 poss\u00edvel, por exemplo, agravar\u00a0o quadro de um cabelo danificado\u00a0aumentando a quebra e o ressecamento.<\/p>\n<p>Na hora de levar madeixas fragilizadas debaixo do chuveiro.<\/p>\n<p>Use um pr\u00e9-shampoo<\/p>\n<p style=\"text-align: justify;\">Shampoos s\u00e3o eficientes para limpar o cabelo, mas podem levar junto a oleosidade natural dos fios, que \u00e9 importante para manter o aspecto saud\u00e1vel e hidratado. Uma forma de garantir que o produto vai apenas limpar sem agredir esses fios j\u00e1 danificados, \u00e9\u00a0protegendo as madeixas com um pr\u00e9-shampoo. Pode ser um condicionador, um \u00f3leo ou qualquer coisa que forme um filme protetor sobre o cabelo: aplique tr\u00eas minutos antes de entrar no banho e sinta a diferen\u00e7a no resultado final. Sa\u00fade e bem estar \u00e9 fundamental para uma boa recupera\u00e7\u00e3o do cabelo!<\/p>\n<p>Fonte da Imagem: www.pn7.com.br<\/p>\n<p>Att:<\/p>\n<p>Gilbertinho Cabeleireiro \ud83d\udc87\ud83c\udffc\u200d\u2640\ufe0f<\/p>\n<p style=\"text-align: justify;\">Instagram @gilbertinhocabeleireiro<\/p>\n","protected":false},"excerpt":{"rendered":"<p>Por Gilbertinho Cabelereiro Para lavar o cabelo \u00e9 um costume t\u00e3o autom\u00e1tico que muita gente nem sabe fazer direito. Ao higienizar os fios da forma errada \u00e9 poss\u00edvel, por exemplo, agravar\u00a0o quadro de um cabelo danificado\u00a0aumentando a quebra e o ressecamento. Na hora de levar madeixas fragilizadas debaixo do chuveiro. Use um pr\u00e9-shampoo Shampoos s\u00e3o [&hellip;]<\/p>\n","protected":false},"author":1,"featured_media":24725,"comment_status":"open","ping_status":"open","sticky":false,"template":"","format":"standard","meta":{"ngg_post_thumbnail":0,"footnotes":""},"categories":[2,32,41],"tags":[],"class_list":["post-24723","post","type-post","status-publish","format-standard","has-post-thumbnail","hentry","category-destaques","category-estetica","category-ultimasnoticias"],"_links":{"self":[{"href":"https:\/\/somdepapo.com.br\/portal\/wp-json\/wp\/v2\/posts\/24723","targetHints":{"allow":["GET"]}}],"collection":[{"href":"https:\/\/somdepapo.com.br\/portal\/wp-json\/wp\/v2\/posts"}],"about":[{"href":"https:\/\/somdepapo.com.br\/portal\/wp-json\/wp\/v2\/types\/post"}],"author":[{"embeddable":true,"href":"https:\/\/somdepapo.com.br\/portal\/wp-json\/wp\/v2\/users\/1"}],"replies":[{"embeddable":true,"href":"https:\/\/somdepapo.com.br\/portal\/wp-json\/wp\/v2\/comments?post=24723"}],"version-history":[{"count":2,"href":"https:\/\/somdepapo.com.br\/portal\/wp-json\/wp\/v2\/posts\/24723\/revisions"}],"predecessor-version":[{"id":24726,"href":"https:\/\/somdepapo.com.br\/portal\/wp-json\/wp\/v2\/posts\/24723\/revisions\/24726"}],"wp:featuredmedia":[{"embeddable":true,"href":"https:\/\/somdepapo.com.br\/portal\/wp-json\/wp\/v2\/media\/24725"}],"wp:attachment":[{"href":"https:\/\/somdepapo.com.br\/portal\/wp-json\/wp\/v2\/media?parent=24723"}],"wp:term":[{"taxonomy":"category","embeddable":true,"href":"https:\/\/somdepapo.com.br\/portal\/wp-json\/wp\/v2\/categories?post=24723"},{"taxonomy":"post_tag","embeddable":true,"href":"https:\/\/somdepapo.com.br\/portal\/wp-json\/wp\/v2\/tags?post=24723"}],"curies":[{"name":"wp","href":"https:\/\/api.w.org\/{rel}","templated":true}]}}