{"id":24773,"date":"2020-10-16T14:23:18","date_gmt":"2020-10-16T14:23:18","guid":{"rendered":"https:\/\/somdepapo.com.br\/portal\/?p=24773"},"modified":"2020-10-16T14:23:18","modified_gmt":"2020-10-16T14:23:18","slug":"saiba-como-reverter-uma-desharmonizacao-facial","status":"publish","type":"post","link":"https:\/\/somdepapo.com.br\/portal\/saiba-como-reverter-uma-desharmonizacao-facial\/","title":{"rendered":"Saiba como reverter uma (Des)harmoniza\u00e7\u00e3o facial"},"content":{"rendered":"<p style=\"text-align: right;\">Por Dr Vinicius Said<\/p>\n<p style=\"text-align: justify;\">\nAtrav\u00e9s da enzima \u201cHialuronidase\u201d, procedimento est\u00e9tico pode ser revertido em dias ou semanas.<br \/>\nEntre 27 de setembro a 3 outubro, a ferramenta de estat\u00edsticas \u201cGoogle Trends\u201d registrou um pico recorde de pesquisas para o termo \u201charmoniza\u00e7\u00e3o facial\u201d. A alta\u200a\u2014\u200an\u00e3o observada desde 2015 pelo buscador\u200a\u2014\u200adesponta o tratamento est\u00e9tico n\u00e3o cir\u00fargico como um dos procedimento mais cobi\u00e7ados pelos brasileiros.<br \/>\nAdeptos a nova tend\u00eancia, celebridades brasileira n\u00e3o ficaram de fora da \u201charmoniza\u00e7\u00e3o facial\u201d. Embora o tratamento est\u00e9tico some elogios por parte da comunidade art\u00edstica, o relato recente do cantor e compositor Lucas Lucco via \u2018stories\u2019 do Instagram alertou a popula\u00e7\u00e3o sobre a possibilidade de revers\u00e3o, caso o procedimento n\u00e3o tenha alcan\u00e7ado o resultado ideal.<br \/>\n\u201c(\u2026) No meu caso, eu achei desde os primeiros momentos que ultrapassou o limite do que eu pensava (\u2026). O que eu falo para voc\u00eas, cuidado; c\u00eas (sic.) que querem fazer harmoniza\u00e7\u00e3o, etc, olhar bem o profissional que vai te aconselhar a fazer algo que fique natural, suave, porque as vezes nem sempre a quantidade de produto que se coloca \u00e9 o que vai fazer a harmoniza\u00e7\u00e3o ficar legal. Tem tamb\u00e9m a quest\u00e3o da perda de identidade da gente\u201d, relata o cantor, que recorreu a revers\u00e3o do procedimento.<br \/>\nPara o \u201cSpeaker\u201d em Harmoniza\u00e7\u00e3o Facial pela Harvard Medical School\u200a\u2014\u200aBoston (NA)\u200a\u2014, e especialista em Biomedicina Est\u00e9tica, Vinicius Said, o problema est\u00e1 na quantidade excessiva de produto que vem sendo utilizada por profissionais, devido a uma poss\u00edvel falha no planejamento do tratamento. O biom\u00e9dico explica que h\u00e1 um exagero na aplica\u00e7\u00e3o das seringas\u200a\u2014\u200aquantidade excessiva\u200a\u2014, que pode resultar na perda das caracter\u00edsticas dos pacientes.<br \/>\n\u201cPara se ter uma ideia, uma seringa com \u00c1cido Hialur\u00f4nico cont\u00e9m 1 ml de produto, que \u00e9 insuficiente para fazer a harmonia de toda uma face. Ent\u00e3o, quando n\u00f3s (profissionais) buscamos o equil\u00edbrio, espera-se, para um resultado sutil, que seja colocado uma pequena quantidade de produto em pontos espec\u00edficos do rosto, para de fato trazer simetria e propor\u00e7\u00e3o. O que acontece, no entanto, \u00e9 que alguns profissionais v\u00eam exagerando na dose, trabalhando com 18, 23, 25 e at\u00e9 mais de 28 seringas, uma quantidade, que em alguns casos se torna excessiva. A consequ\u00eancia disso s\u00e3o relatos sobre a insatisfa\u00e7\u00e3o de alguns pacientes com o resultado de alguns profissionais\u201d, explica.<br \/>\nSaid destaca que todo procedimento de preenchimento a base de \u00c1cido Hialur\u00f4nico (corre\u00e7\u00e3o do nariz, preenchimento do queixo, mand\u00edbula, regi\u00e3o malar, sulco nasogeniano) \u00e9 passivo de revers\u00e3o caso aja algum tipo de erro por excesso. Para reverter uma \u201charmoniza\u00e7\u00e3o facial\u201d, o biom\u00e9dico afirma que pode ser utilizada a \u201cHialuronidase\u201d \u2014 enzima capaz de fazer a degrada\u00e7\u00e3o do \u00c1cido Hialur\u00f4nico, com varia\u00e7\u00e3o de tempo estimado entre dias ou semanas.<br \/>\n\u201cExistem outros tipos de produtos usados para preencher e harmonizar a face como a \u2018Hidroxiapatita de C\u00e1lcio\u2019 (CaHA) e o \u2018Ellans\u00e9\u2019 (Caprolactona), por\u00e9m, como eles n\u00e3o tem \u201cant\u00eddotos\u201d espec\u00edficos, os profissionais utilizam mais o \u00c1cido Hialur\u00f4nico at\u00e9 pelo fato do nosso pr\u00f3prio corpo o produzir, o que minimiza o risco de rejei\u00e7\u00e3o do produto ap\u00f3s ser implantado na face. Existem tamb\u00e9m equipamentos da eletroterapia e algumas t\u00e9cnicas que podem ajudar a auxiliar na degrada\u00e7\u00e3o do produto\u201d, comenta.<br \/>\nRefer\u00eancia em harmoniza\u00e7\u00e3o facial na Bahia, o biom\u00e9dico respons\u00e1vel pela \u201cCl\u00ednica Dr. Vinicius Said\u201d, na Pituba\u200a\u2014\u200aEmpresarial TK Tower, T\u00e9rreo, Av. Prof. Magalh\u00e3es Neto, 1856\u200a\u2014\u200aexplica que harmonizar n\u00e3o \u00e9 s\u00f3 trabalhar com preenchimento. Para o revisor da \u201cRevista Brasileira de Est\u00e9tica\u201d, procedimentos como peeling qu\u00edmico, microagulhamento, bioestimuladores de col\u00e1geno e outros que induzem a firmeza, elasticidade, t\u00f4nus e luminosidade da pele tamb\u00e9m englobam a \u201charmoniza\u00e7\u00e3o facial\u201d.<br \/>\n\u201cO objetivo da harmoniza\u00e7\u00e3o \u00e9 alcan\u00e7ar uma propor\u00e7\u00e3o entre os ter\u00e7os superior, m\u00e9dio e inferior da face, sem tirar os tra\u00e7os naturais do paciente, portanto, eu busco sempre a naturalidade. Minha linha de trabalho \u00e9 buscar uma propor\u00e7\u00e3o dentro de um resultado que seja sutil ao natural, onde as pessoas percebam tamb\u00e9m a melhora da qualidade da pele, sem que aja exagero ou necessidade de revers\u00e3o do procedimento est\u00e9tico\u201d, conclui.<br \/>\nPara mais informa\u00e7\u00f5es sobre harmoniza\u00e7\u00e3o facial, tratamentos corporais e a Cl\u00ednica Dr. Vinicius Said, entre em contato atrav\u00e9s do telefone 71 3035\u20131085 e 71 9 91908415, ou acesse o perfil do Instagram @viniciusaid.<\/p>\n","protected":false},"excerpt":{"rendered":"<p>Por Dr Vinicius Said Atrav\u00e9s da enzima \u201cHialuronidase\u201d, procedimento est\u00e9tico pode ser revertido em dias ou semanas. Entre 27 de setembro a 3 outubro, a ferramenta de estat\u00edsticas \u201cGoogle Trends\u201d registrou um pico recorde de pesquisas para o termo \u201charmoniza\u00e7\u00e3o facial\u201d. A alta\u200a\u2014\u200an\u00e3o observada desde 2015 pelo buscador\u200a\u2014\u200adesponta o tratamento est\u00e9tico n\u00e3o cir\u00fargico como um [&hellip;]<\/p>\n","protected":false},"author":1,"featured_media":24774,"comment_status":"open","ping_status":"open","sticky":false,"template":"","format":"standard","meta":{"ngg_post_thumbnail":0,"footnotes":""},"categories":[2,32,41],"tags":[],"class_list":["post-24773","post","type-post","status-publish","format-standard","has-post-thumbnail","hentry","category-destaques","category-estetica","category-ultimasnoticias"],"_links":{"self":[{"href":"https:\/\/somdepapo.com.br\/portal\/wp-json\/wp\/v2\/posts\/24773","targetHints":{"allow":["GET"]}}],"collection":[{"href":"https:\/\/somdepapo.com.br\/portal\/wp-json\/wp\/v2\/posts"}],"about":[{"href":"https:\/\/somdepapo.com.br\/portal\/wp-json\/wp\/v2\/types\/post"}],"author":[{"embeddable":true,"href":"https:\/\/somdepapo.com.br\/portal\/wp-json\/wp\/v2\/users\/1"}],"replies":[{"embeddable":true,"href":"https:\/\/somdepapo.com.br\/portal\/wp-json\/wp\/v2\/comments?post=24773"}],"version-history":[{"count":1,"href":"https:\/\/somdepapo.com.br\/portal\/wp-json\/wp\/v2\/posts\/24773\/revisions"}],"predecessor-version":[{"id":24775,"href":"https:\/\/somdepapo.com.br\/portal\/wp-json\/wp\/v2\/posts\/24773\/revisions\/24775"}],"wp:featuredmedia":[{"embeddable":true,"href":"https:\/\/somdepapo.com.br\/portal\/wp-json\/wp\/v2\/media\/24774"}],"wp:attachment":[{"href":"https:\/\/somdepapo.com.br\/portal\/wp-json\/wp\/v2\/media?parent=24773"}],"wp:term":[{"taxonomy":"category","embeddable":true,"href":"https:\/\/somdepapo.com.br\/portal\/wp-json\/wp\/v2\/categories?post=24773"},{"taxonomy":"post_tag","embeddable":true,"href":"https:\/\/somdepapo.com.br\/portal\/wp-json\/wp\/v2\/tags?post=24773"}],"curies":[{"name":"wp","href":"https:\/\/api.w.org\/{rel}","templated":true}]}}