{"id":24776,"date":"2020-10-16T15:54:23","date_gmt":"2020-10-16T15:54:23","guid":{"rendered":"https:\/\/somdepapo.com.br\/portal\/?p=24776"},"modified":"2020-10-16T15:54:23","modified_gmt":"2020-10-16T15:54:23","slug":"sextou-com-paella","status":"publish","type":"post","link":"https:\/\/somdepapo.com.br\/portal\/sextou-com-paella\/","title":{"rendered":"Sextou com Paella"},"content":{"rendered":"<p style=\"text-align: right;\">Por Chef Jean Carlos Spiess<\/p>\n<p style=\"text-align: justify;\">\nA origem da Paella vem do latim \u201cPatella\u201d, bandeja usada na antiga Roma destinada \u00e0s oferendas aos Deuses, nos rituais de fecunda\u00e7\u00e3o da terra. Dizem tamb\u00e9m os historiadores que a palavra \u201cPaella\u201d surgiu quando os trabalhadores rurais voltavam para seus lares nos finais de semana e em homenagem \u00e0s suas esposas preparavam essa deliciosa iguaria \u201cPara Ellas\u201d dando origem ao nome. A Paella \u00e9 um prato festivo que os Espanh\u00f3is saboreiam em datas marcantes como: casamentos, anivers\u00e1rios, batizados, feriados religiosos e finais de semana.<br \/>\nA composi\u00e7\u00e3o da Paella, \u00e9 com arroz um bom caldo que pode ser de frutos do mar ou legumes e claro uma variedade de frutos do mar.Segue essa receita super f\u00e1cil e descomplicada para voc\u00ea fazer sua paella.<\/p>\n<p>Paella De Frutos do Mar<br \/>\nIngredientes<br \/>\n2 x\u00edcaras de arroz<br \/>\n4 x\u00edcaras de \u00e1gua<br \/>\n500g de anel de lula<br \/>\n500g de camar\u00e3o m\u00e9dio limpo<br \/>\n300g de camar\u00e3o grande inteiro<br \/>\n1 piment\u00e3o vermelho cortado em tiras<br \/>\n3 tomates sem pele picados<br \/>\n2 cebolas grandes picadas<br \/>\n10 dentes de alho amassados<br \/>\nAzeite de oliva extra-virgem a gosto<br \/>\nSal, pimenta-do-reino e a\u00e7afr\u00e3o a gosto<\/p>\n<p style=\"text-align: justify;\">\nModo de preparo<br \/>\nAque\u00e7a uma frigideira grande com azeite e refogue os camar\u00f5es grandes com casca junto com um pouco do alho at\u00e9 ficarem dourados. Reserve em um prato.<br \/>\nNa mesma frigideira, adicione um pouco mais de azeite e refogue a cebola junto com o alho at\u00e9 que a cebola murche levemente.<br \/>\nAcrescente o piment\u00e3o cortado, o tomate picadinho e os an\u00e9is de lula. Refogue por alguns minutos.<br \/>\nAdicione o arroz cru, o a\u00e7afr\u00e3o e refogue em fogo m\u00e9dio at\u00e9 que os gr\u00e3os de arroz fiquem levemente transl\u00facidos.<br \/>\nDespeje a \u00e1gua e o sal a gosto.<br \/>\nDeixe cozinhar em fogo m\u00e9dio por aproximadamente 10 minutos.<br \/>\nEm seguida, acrescente os camar\u00f5es limpos e descascados.<br \/>\nDeixe cozinhar at\u00e9 que a \u00e1gua tenha secado, mas o arroz n\u00e3o pode estar completamente seco. A paella perfeita \u00e9 com um arroz cremoso.<br \/>\nDesligue o fogo e decore com os camar\u00f5es grandes fritos.<br \/>\nSirva quente.<br \/>\nVoc\u00ea tamb\u00e9m pode acrescentar outros frutos do mar como mexilh\u00f5es e polvo.<\/p>\n<p style=\"text-align: justify;\">Instagram @chefjeanspiess<\/p>\n","protected":false},"excerpt":{"rendered":"<p>Por Chef Jean Carlos Spiess A origem da Paella vem do latim \u201cPatella\u201d, bandeja usada na antiga Roma destinada \u00e0s oferendas aos Deuses, nos rituais de fecunda\u00e7\u00e3o da terra. Dizem tamb\u00e9m os historiadores que a palavra \u201cPaella\u201d surgiu quando os trabalhadores rurais voltavam para seus lares nos finais de semana e em homenagem \u00e0s suas [&hellip;]<\/p>\n","protected":false},"author":1,"featured_media":24777,"comment_status":"open","ping_status":"open","sticky":false,"template":"","format":"standard","meta":{"ngg_post_thumbnail":0,"footnotes":""},"categories":[2,8,41],"tags":[],"class_list":["post-24776","post","type-post","status-publish","format-standard","has-post-thumbnail","hentry","category-destaques","category-gastronomia","category-ultimasnoticias"],"_links":{"self":[{"href":"https:\/\/somdepapo.com.br\/portal\/wp-json\/wp\/v2\/posts\/24776","targetHints":{"allow":["GET"]}}],"collection":[{"href":"https:\/\/somdepapo.com.br\/portal\/wp-json\/wp\/v2\/posts"}],"about":[{"href":"https:\/\/somdepapo.com.br\/portal\/wp-json\/wp\/v2\/types\/post"}],"author":[{"embeddable":true,"href":"https:\/\/somdepapo.com.br\/portal\/wp-json\/wp\/v2\/users\/1"}],"replies":[{"embeddable":true,"href":"https:\/\/somdepapo.com.br\/portal\/wp-json\/wp\/v2\/comments?post=24776"}],"version-history":[{"count":1,"href":"https:\/\/somdepapo.com.br\/portal\/wp-json\/wp\/v2\/posts\/24776\/revisions"}],"predecessor-version":[{"id":24778,"href":"https:\/\/somdepapo.com.br\/portal\/wp-json\/wp\/v2\/posts\/24776\/revisions\/24778"}],"wp:featuredmedia":[{"embeddable":true,"href":"https:\/\/somdepapo.com.br\/portal\/wp-json\/wp\/v2\/media\/24777"}],"wp:attachment":[{"href":"https:\/\/somdepapo.com.br\/portal\/wp-json\/wp\/v2\/media?parent=24776"}],"wp:term":[{"taxonomy":"category","embeddable":true,"href":"https:\/\/somdepapo.com.br\/portal\/wp-json\/wp\/v2\/categories?post=24776"},{"taxonomy":"post_tag","embeddable":true,"href":"https:\/\/somdepapo.com.br\/portal\/wp-json\/wp\/v2\/tags?post=24776"}],"curies":[{"name":"wp","href":"https:\/\/api.w.org\/{rel}","templated":true}]}}