{"id":24826,"date":"2020-10-23T16:19:43","date_gmt":"2020-10-23T16:19:43","guid":{"rendered":"https:\/\/somdepapo.com.br\/portal\/?p=24826"},"modified":"2020-10-23T16:19:43","modified_gmt":"2020-10-23T16:19:43","slug":"que-tal-uma-bruschetta-de-aperitivo","status":"publish","type":"post","link":"https:\/\/somdepapo.com.br\/portal\/que-tal-uma-bruschetta-de-aperitivo\/","title":{"rendered":"Que tal uma Bruschetta de aperitivo?"},"content":{"rendered":"<p style=\"text-align: right;\">Por Chef Jean Carlos Spiess<\/p>\n<p style=\"text-align: justify;\">A Bruschetta \u00e9 uma \u00f3tima op\u00e7\u00e3o de aperitivo, \u00e9 super vers\u00e1til, pode ser feita com v\u00e1rias formas diferentes. Mas afinal, de onde veio essa ideia t\u00e3o simples e saborosa? Acredita-se que surgiu no Imp\u00e9rio Romano, entre os trabalhadores rurais. Eles teriam inventado o prato para aproveitar as sobras de p\u00e3o do dia anterior, guarnecendo-o com os ingredientes estavam \u00e0 disposi\u00e7\u00e3o. A receita se popularizou em diversos pa\u00edses com influ\u00eancia italiana, e cada dia se torna mais sofisticada. A receita original leva somente torrada, alho, pimenta, azeite e sal. Mas h\u00e1 muitas varia\u00e7\u00f5es em cima dela, a mais conhecida leva tomate e manjeric\u00e3o, al\u00e9m dos ingredientes j\u00e1 citado.<br \/>\nOs p\u00e3es dessa receita variam em cada regi\u00e3o da It\u00e1lia, assim a bruschetta ganha caracter\u00edsticas distintas. Na Puglia e na Campania, por exemplo, s\u00e3o feitas com um p\u00e3o crocante chamado \u201cfrisella\u201d ou \u201cfrisedda\u201d. Na Cal\u00e1bria, Sic\u00edlia e Basilicata, a bruschetta \u00e9 feita com um p\u00e3o comprido de semolina e sementes de gergelim, guarnecido com tomates, azeite e or\u00e9gano.<\/p>\n<p>BRUSQUETA<br \/>\nIngredientes<br \/>\n1 und p\u00e3o italiano<br \/>\n50ml azeite<br \/>\n2 dentes alho<br \/>\n20g manjeric\u00e3o<br \/>\n400g tomate uva<br \/>\n200g queijo parmes\u00e3o<br \/>\nQb sal e pimenta<\/p>\n<p style=\"text-align: justify;\">Modo de Preparo:<br \/>\nCortar o p\u00e3o italiano em fatias.<br \/>\nCortar os tomates uvas a francesa, o alho em brunoise, e soltar as folhas de manjeric\u00e3o, ralar o queijo parmes\u00e3o e reservar, em uma tigela, adicionar os tomates o alho e as folhas de manjeric\u00e3o e temperar com azeite e sal, pimenta.<\/p>\n","protected":false},"excerpt":{"rendered":"<p>Por Chef Jean Carlos Spiess A Bruschetta \u00e9 uma \u00f3tima op\u00e7\u00e3o de aperitivo, \u00e9 super vers\u00e1til, pode ser feita com v\u00e1rias formas diferentes. Mas afinal, de onde veio essa ideia t\u00e3o simples e saborosa? Acredita-se que surgiu no Imp\u00e9rio Romano, entre os trabalhadores rurais. Eles teriam inventado o prato para aproveitar as sobras de p\u00e3o [&hellip;]<\/p>\n","protected":false},"author":1,"featured_media":24827,"comment_status":"open","ping_status":"open","sticky":false,"template":"","format":"standard","meta":{"ngg_post_thumbnail":0,"footnotes":""},"categories":[2,8,41],"tags":[],"class_list":["post-24826","post","type-post","status-publish","format-standard","has-post-thumbnail","hentry","category-destaques","category-gastronomia","category-ultimasnoticias"],"_links":{"self":[{"href":"https:\/\/somdepapo.com.br\/portal\/wp-json\/wp\/v2\/posts\/24826","targetHints":{"allow":["GET"]}}],"collection":[{"href":"https:\/\/somdepapo.com.br\/portal\/wp-json\/wp\/v2\/posts"}],"about":[{"href":"https:\/\/somdepapo.com.br\/portal\/wp-json\/wp\/v2\/types\/post"}],"author":[{"embeddable":true,"href":"https:\/\/somdepapo.com.br\/portal\/wp-json\/wp\/v2\/users\/1"}],"replies":[{"embeddable":true,"href":"https:\/\/somdepapo.com.br\/portal\/wp-json\/wp\/v2\/comments?post=24826"}],"version-history":[{"count":1,"href":"https:\/\/somdepapo.com.br\/portal\/wp-json\/wp\/v2\/posts\/24826\/revisions"}],"predecessor-version":[{"id":24828,"href":"https:\/\/somdepapo.com.br\/portal\/wp-json\/wp\/v2\/posts\/24826\/revisions\/24828"}],"wp:featuredmedia":[{"embeddable":true,"href":"https:\/\/somdepapo.com.br\/portal\/wp-json\/wp\/v2\/media\/24827"}],"wp:attachment":[{"href":"https:\/\/somdepapo.com.br\/portal\/wp-json\/wp\/v2\/media?parent=24826"}],"wp:term":[{"taxonomy":"category","embeddable":true,"href":"https:\/\/somdepapo.com.br\/portal\/wp-json\/wp\/v2\/categories?post=24826"},{"taxonomy":"post_tag","embeddable":true,"href":"https:\/\/somdepapo.com.br\/portal\/wp-json\/wp\/v2\/tags?post=24826"}],"curies":[{"name":"wp","href":"https:\/\/api.w.org\/{rel}","templated":true}]}}