{"id":24852,"date":"2020-10-27T11:32:45","date_gmt":"2020-10-27T11:32:45","guid":{"rendered":"https:\/\/somdepapo.com.br\/portal\/?p=24852"},"modified":"2020-10-27T11:32:45","modified_gmt":"2020-10-27T11:32:45","slug":"cabelos-cacheados-como-cuidar","status":"publish","type":"post","link":"https:\/\/somdepapo.com.br\/portal\/cabelos-cacheados-como-cuidar\/","title":{"rendered":"Cabelos Cacheados: como cuidar?"},"content":{"rendered":"<p style=\"text-align: right;\">Por Gilbertinho Cabelereiro<\/p>\n<p style=\"text-align: justify;\">Os fios tendem a ser mais oleosos na raiz e secos nas extremidades. Por isso muitas mulheres t\u00eam d\u00favidas sobre os melhores cremes para cabelos cacheados e os tratamentos ideais.<\/p>\n<p style=\"text-align: justify;\">\nDe fato, para resolver o problema voc\u00ea vai precisar de aliados e produtos para cabelo cacheados.<\/p>\n<p style=\"text-align: justify;\">Ficam incr\u00edveis quando est\u00e3o saud\u00e1veis, sobre como cuidar, definir, finalizar e qual o melhor creme usar para o tipo de cabelo.<br \/>\nNormalmente quem tem cabelos cacheados j\u00e1 sabe que a apar\u00eancia dos fios tende a ser mais seca. Isso acontece porque a estrutura dos fios \u00e9 irregular e a oleosidade da raiz n\u00e3o consegue chegar \u00e0s pontas causando ressecamento e, muitas vezes, fios quebradi\u00e7os, al\u00e9m de frizz.<\/p>\n<p>DICAS!<\/p>\n<p style=\"text-align: justify;\">Esquecer a \u00e1gua quente na hora do banho, cabelo cacheado pede \u00e1gua morna para n\u00e3o ressecar ainda mais os fios.<\/p>\n<p style=\"text-align: justify;\">\nA fitagem \u00e9 um dos procedimentos mais indicados para cachos. Ela separa o cabelo em fitas para que fique definido e sem frizz.<\/p>\n<p>Uso do difusor<\/p>\n<p style=\"text-align: justify;\">Com o ativador de cachos em forma de creme, aplique no cabelo e use um jato de ar concentrado do difusor para secar, assim deixa os fios bem soltinhos, com aspecto natural e definidos. Nada traz mais confian\u00e7a do que cachos bem definidos, cheios de volume, balan\u00e7o e sedosos!<\/p>\n<p>Gilbertinho Cabeleireiro \ud83d\udc87\ud83c\udffc\u200d\u2640\ufe0f<\/p>\n<p style=\"text-align: justify;\">IInstagram @gilbertinhocabeleireiro<\/p>\n","protected":false},"excerpt":{"rendered":"<p>Por Gilbertinho Cabelereiro Os fios tendem a ser mais oleosos na raiz e secos nas extremidades. Por isso muitas mulheres t\u00eam d\u00favidas sobre os melhores cremes para cabelos cacheados e os tratamentos ideais. De fato, para resolver o problema voc\u00ea vai precisar de aliados e produtos para cabelo cacheados. Ficam incr\u00edveis quando est\u00e3o saud\u00e1veis, sobre [&hellip;]<\/p>\n","protected":false},"author":1,"featured_media":24853,"comment_status":"open","ping_status":"open","sticky":false,"template":"","format":"standard","meta":{"ngg_post_thumbnail":0,"footnotes":""},"categories":[2,32,41],"tags":[],"class_list":["post-24852","post","type-post","status-publish","format-standard","has-post-thumbnail","hentry","category-destaques","category-estetica","category-ultimasnoticias"],"_links":{"self":[{"href":"https:\/\/somdepapo.com.br\/portal\/wp-json\/wp\/v2\/posts\/24852","targetHints":{"allow":["GET"]}}],"collection":[{"href":"https:\/\/somdepapo.com.br\/portal\/wp-json\/wp\/v2\/posts"}],"about":[{"href":"https:\/\/somdepapo.com.br\/portal\/wp-json\/wp\/v2\/types\/post"}],"author":[{"embeddable":true,"href":"https:\/\/somdepapo.com.br\/portal\/wp-json\/wp\/v2\/users\/1"}],"replies":[{"embeddable":true,"href":"https:\/\/somdepapo.com.br\/portal\/wp-json\/wp\/v2\/comments?post=24852"}],"version-history":[{"count":1,"href":"https:\/\/somdepapo.com.br\/portal\/wp-json\/wp\/v2\/posts\/24852\/revisions"}],"predecessor-version":[{"id":24856,"href":"https:\/\/somdepapo.com.br\/portal\/wp-json\/wp\/v2\/posts\/24852\/revisions\/24856"}],"wp:featuredmedia":[{"embeddable":true,"href":"https:\/\/somdepapo.com.br\/portal\/wp-json\/wp\/v2\/media\/24853"}],"wp:attachment":[{"href":"https:\/\/somdepapo.com.br\/portal\/wp-json\/wp\/v2\/media?parent=24852"}],"wp:term":[{"taxonomy":"category","embeddable":true,"href":"https:\/\/somdepapo.com.br\/portal\/wp-json\/wp\/v2\/categories?post=24852"},{"taxonomy":"post_tag","embeddable":true,"href":"https:\/\/somdepapo.com.br\/portal\/wp-json\/wp\/v2\/tags?post=24852"}],"curies":[{"name":"wp","href":"https:\/\/api.w.org\/{rel}","templated":true}]}}