{"id":25329,"date":"2021-01-13T17:15:23","date_gmt":"2021-01-13T17:15:23","guid":{"rendered":"https:\/\/somdepapo.com.br\/portal\/?p=25329"},"modified":"2021-01-13T17:15:23","modified_gmt":"2021-01-13T17:15:23","slug":"estresse-aumenta-80-durante-a-pandemia-e-interfere-na-queda-de-cabelos","status":"publish","type":"post","link":"https:\/\/somdepapo.com.br\/portal\/estresse-aumenta-80-durante-a-pandemia-e-interfere-na-queda-de-cabelos\/","title":{"rendered":"Estresse aumenta 80% durante a pandemia e interfere na queda de cabelos"},"content":{"rendered":"<p style=\"text-align: right;\">Por Vinicius Said<\/p>\n<p style=\"text-align: justify;\">Estresse aumenta 80% durante a pandemia, revela estudo<br \/>\nPesquisa da UERJ destaca aumento nos \u00edndices de estresse e ansiedade dos brasileiros. Dr. Vinicius Said aponta queda de cabelo como um dos sintomas.<\/p>\n<p style=\"text-align: justify;\">Analisado e discutido em uma \u00e9poca marcada pela pandemia do novo coronav\u00edrus, os sintomas do stress &#8211; caracterizado por sensa\u00e7\u00f5es de preocupa\u00e7\u00e3o, medo e irrita\u00e7\u00e3o, tornaram-se marcas da atual sociedade, com seus efeitos manifestados de diferentes formas no corpo humano.<br \/>\nQuando o estresse passa a distorcer a rotina di\u00e1ria, a tend\u00eancia \u00e9 que as consequ\u00eancias se apresentem em forma de problemas psicol\u00f3gicos ou interfer\u00eancias f\u00edsicas, como gastrite, press\u00e3o alta, dermatite e at\u00e9 mesmo queda de cabelo.<br \/>\nSegundo dados coletados pelo professor Alberto Filgueiras, do Instituto de Psicologia da Universidade do Estado do Rio de Janeiro (UERJ), os n\u00edveis de ansiedade e estresse tiveram aumento de 80% entre os meses de mar\u00e7o e abril de 2020.<br \/>\nDe acordo com o Biom\u00e9dico Esteta Dr. Vinicius Said,\u00a0o estresse tem influ\u00eancia direta no ciclo de atividade dos fol\u00edculos, que quando desregulados nos n\u00edveis nutricionais, favorecem a queda capilar.<br \/>\n\u201cQuando estamos estressados h\u00e1 um aumento nos n\u00edveis sangu\u00edneos e tamb\u00e9m uma produ\u00e7\u00e3o acentuada de alguns horm\u00f4nios, que s\u00e3o ativadas em per\u00edodos de risco ou perigo. Assim, quando somos submetidos ao estresse, o nosso c\u00e9rebro tenta equilibrar a quantidade de fluxo sangu\u00edneo, gastando mais energia e mais oxig\u00eanio. Com isso, os cabelos \u2013 c\u00e9lulas n\u00e3o vitais- passam a receber menos nutrientes e continuam trabalhando constantemente, resultando em uma alta taxa metab\u00f3lica que precisa estar sempre \u201cnutrida\u201d. No momento em que passam a receber menos sangue, param de trabalhar e o cabelo, cai\u201d explica.<br \/>\nAinda que \u2013 quando vista por um n\u00e3o especialista &#8211; seja confundida com a calv\u00edcie, a perda de fios capilares pode estar associada diretamente \u00e0 sa\u00fade emocional de um paciente, e geralmente, esses casos s\u00e3o revers\u00edveis se tratados por um especialista.<br \/>\n\u201cPara esses casos existe um tratamento por intradermoterapia, conhecido tamb\u00e9m como enzimas. Nele, \u00e9 feito a aplica\u00e7\u00e3o de alguns ativos, como Minoxidil, D-Pantenol, Biotina e Finasterida, diretamente no couro cabeludo, principalmente no local comprometido para induzir o crescimento. Al\u00e9m disso, \u00e9 poss\u00edvel fazermos tamb\u00e9m uma associa\u00e7\u00e3o com LEDTERAPIA, para oxigenar e melhorar a vasculariza\u00e7\u00e3o dos fol\u00edculos. Inicialmente s\u00e3o feitas, no m\u00ednimo, quatro aplica\u00e7\u00f5es para induzir o crescimento e estabilizar a queda. Em geral, o tratamento pode durar de um a tr\u00eas meses, dependendo de cada organismo\u201d enfatiza.<br \/>\nDe acordo com o especialista, \u00e9 necess\u00e1rio observar os sinais de poss\u00edvel comprometimento emocional e prestar aten\u00e7\u00e3o nos sinais de alerta mais comuns do estresse, al\u00e9m de reconhecer a presen\u00e7a desses fatores de risco, como m\u00e1 alimenta\u00e7\u00e3o, uso de medica\u00e7\u00e3o e sedentarismo.<\/p>\n<p>Fonte para pautas e entrevistas:<br \/>\nVIN\u00cdCIUS SAID | Biom\u00e9dico Esteta<br \/>\nsaid.vinicius@yahoo.com.br<br \/>\n(71) 3035\u20131085 e 71 99190\u20138415<br \/>\nInstagram.com\/viniciusaid<\/p>\n","protected":false},"excerpt":{"rendered":"<p>Por Vinicius Said Estresse aumenta 80% durante a pandemia, revela estudo Pesquisa da UERJ destaca aumento nos \u00edndices de estresse e ansiedade dos brasileiros. Dr. Vinicius Said aponta queda de cabelo como um dos sintomas. Analisado e discutido em uma \u00e9poca marcada pela pandemia do novo coronav\u00edrus, os sintomas do stress &#8211; caracterizado por sensa\u00e7\u00f5es [&hellip;]<\/p>\n","protected":false},"author":1,"featured_media":25330,"comment_status":"open","ping_status":"open","sticky":false,"template":"","format":"standard","meta":{"ngg_post_thumbnail":0,"footnotes":""},"categories":[2,32,41],"tags":[],"class_list":["post-25329","post","type-post","status-publish","format-standard","has-post-thumbnail","hentry","category-destaques","category-estetica","category-ultimasnoticias"],"_links":{"self":[{"href":"https:\/\/somdepapo.com.br\/portal\/wp-json\/wp\/v2\/posts\/25329","targetHints":{"allow":["GET"]}}],"collection":[{"href":"https:\/\/somdepapo.com.br\/portal\/wp-json\/wp\/v2\/posts"}],"about":[{"href":"https:\/\/somdepapo.com.br\/portal\/wp-json\/wp\/v2\/types\/post"}],"author":[{"embeddable":true,"href":"https:\/\/somdepapo.com.br\/portal\/wp-json\/wp\/v2\/users\/1"}],"replies":[{"embeddable":true,"href":"https:\/\/somdepapo.com.br\/portal\/wp-json\/wp\/v2\/comments?post=25329"}],"version-history":[{"count":1,"href":"https:\/\/somdepapo.com.br\/portal\/wp-json\/wp\/v2\/posts\/25329\/revisions"}],"predecessor-version":[{"id":25331,"href":"https:\/\/somdepapo.com.br\/portal\/wp-json\/wp\/v2\/posts\/25329\/revisions\/25331"}],"wp:featuredmedia":[{"embeddable":true,"href":"https:\/\/somdepapo.com.br\/portal\/wp-json\/wp\/v2\/media\/25330"}],"wp:attachment":[{"href":"https:\/\/somdepapo.com.br\/portal\/wp-json\/wp\/v2\/media?parent=25329"}],"wp:term":[{"taxonomy":"category","embeddable":true,"href":"https:\/\/somdepapo.com.br\/portal\/wp-json\/wp\/v2\/categories?post=25329"},{"taxonomy":"post_tag","embeddable":true,"href":"https:\/\/somdepapo.com.br\/portal\/wp-json\/wp\/v2\/tags?post=25329"}],"curies":[{"name":"wp","href":"https:\/\/api.w.org\/{rel}","templated":true}]}}