{"id":25481,"date":"2021-01-29T20:50:48","date_gmt":"2021-01-29T20:50:48","guid":{"rendered":"https:\/\/somdepapo.com.br\/portal\/?p=25481"},"modified":"2021-01-29T20:56:53","modified_gmt":"2021-01-29T20:56:53","slug":"tendencia-harmonizacao-facial-registra-recorde-no-brasil","status":"publish","type":"post","link":"https:\/\/somdepapo.com.br\/portal\/tendencia-harmonizacao-facial-registra-recorde-no-brasil\/","title":{"rendered":"Tend\u00eancia! Harmoniza\u00e7\u00e3o Facial registra recorde no Brasil"},"content":{"rendered":"<p style=\"text-align: right;\">Por Dr Vinicius Said<\/p>\n<p style=\"text-align: justify;\">Alta dos procedimentos est\u00e9ticos n\u00e3o cir\u00fargicos aumentou quase 400%, de acordo com a Sociedade Brasileira de Cirurgia Pl\u00e1stica (SBCP)<br \/>\nH\u00e1 12 anos (2008) o Google Trends\u200a\u2014\u200aferramenta de tend\u00eancias do Google, pontuava pela primeira vez o interesse dos brasileiros por harmoniza\u00e7\u00e3o facial. \u00c0 \u00e9poca, harmonizar o rosto unindo botox, preenchimento facial, lasers, fios de sustenta\u00e7\u00e3o, microagulhamento e peeling qu\u00edmico parecia \u201ccoisa de cinema\u201d.<br \/>\nNo \u00faltimo trimestre de 2020, no entanto, o tratamento est\u00e9tico alcan\u00e7ou o pico recorde de pesquisas no Brasil, fato in\u00e9dito desde o in\u00edcio da varredura pelo Google. A procura pela harmoniza\u00e7\u00e3o facial em outubro, inclusive, ultrapassou as buscas pelo botox\u200a\u2014\u200aque desponta entre a popula\u00e7\u00e3o desde a virada do s\u00e9culo.<br \/>\nA \u201charmoniza\u00e7\u00e3o\u201d integra a alta dos procedimentos est\u00e9ticos n\u00e3o cir\u00fargicos entre a popula\u00e7\u00e3o, que aumentou em quase 400% no Brasil, de acordo com a Sociedade Brasileira de Cirurgia Pl\u00e1stica (SBCP). S\u00f3 o rosto harmonizado\u200a\u2014\u200atratamento queridinho entre os famosos, a exemplo de Alok, Gretchen, Lucas Lucco, MC Loma, Kelly Key e a cantora Joelma\u200a\u2014\u200acresceu em torno de 50% no ano de 2020, conforme atestado pela cl\u00ednica Dr. Vinicius Said.<br \/>\n\u201cO aumento na procura, principalmente pelo rosto harmonizado, se d\u00e1 pela aus\u00eancia de anestesia geral ou repouso absoluto, como acontece com as cirurgias pl\u00e1sticas. E o ponto principal s\u00e3o procedimentos seguros. O conjunto de procedimentos que englobam a harmoniza\u00e7\u00e3o facial ainda oferece uma resposta, na maioria dos casos, imediata\u201d, pontua Vinicius Said, Speaker em harmoniza\u00e7\u00e3o facial pela Harvard Medical School\u200a\u2014\u200aBoston.<br \/>\nO depoimento do biom\u00e9dico faz men\u00e7\u00e3o ao conjunto de procedimentos est\u00e9ticos que fazem parte do processo de harmoniza\u00e7\u00e3o e preparo da pele, a fim de prevenir e atenuar o processo natural de envelhecimento, entre eles: bioestimuladores, peeling qu\u00edmico, microagulhamento, laser, preenchedores, fios de sustenta\u00e7\u00e3o e toxina botul\u00ednica. O objetivo do tratamento \u00e9 devolver o volume perdido em determinadas \u00e1reas da face.<br \/>\nCapaz de proporcionar serenidade, leveza e rejuvenescimento facial para os pacientes, a \u201charmoniza\u00e7\u00e3o facial\u201d disparou em 255% entre os anos de 2014 e 2019 nos consult\u00f3rios estetas, saindo de uma m\u00e9dia de 72 mil interven\u00e7\u00f5es faciais ao ano para 256 mil, ainda segundo dados da SBCP.<br \/>\nO interesse dos brasileiros pelo rosto harmonizado, no entanto, ainda varia de regi\u00e3o para regi\u00e3o, com predomin\u00e2ncia no Distrito Federal (DF), seguido pelo Acre (2\u00ba colocado) e Tocantins (3\u00ba), conforme apontado pelo Google Trends na categoria \u201cinteresse por sub-regi\u00e3o\u201d. Estados como Rio de Janeiro (11\u00ba), S\u00e3o Paulo (12\u00ba) e Bahia (17\u00ba) ocupam posi\u00e7\u00f5es medianas em um total de 27 distritos.<br \/>\nO intenso movimento nos consult\u00f3rios estetas a procura da \u201charmoniza\u00e7\u00e3o facial\u201d \u00e9 uma realidade crescente na Bahia, conforme aponta o revisor da Revista Brasileira de Est\u00e9tica, Vinicius Said. Atuando em Salvador, o biom\u00e9dico relata que o p\u00fablico misto (jovens, meia e terceira idade) \u00e9 marcante na regi\u00e3o, embora a faixa et\u00e1ria acima dos 35 anos seja predominante.<br \/>\n\u201cEm geral, o maior p\u00fablico \u00e9 acima dos 35 anos, que j\u00e1 trazem queixas como marcas de express\u00e3o e rugas indesejadas. Aos mais jovens sempre fa\u00e7o uma avalia\u00e7\u00e3o e ofere\u00e7o alternativas de tratamento que possam melhorar sem preencher toda a face. Harmonizar, na minha vis\u00e3o, \u00e9 como esculpir uma escultura, que requer tempo e n\u00e3o pode ser feita tudo em uma \u00fanica vez. \u00c9 necess\u00e1rio rever o paciente, seja qual for, em outro momentos, respirando o per\u00edodo de recupera\u00e7\u00e3o, para que possamos chegar a um resultado incr\u00edvel de forma sutil e agrad\u00e1vel\u201d, relata Said.<br \/>\nSegundo o \u00faltimo balan\u00e7o da Sociedade Internacional de Cirurgia Pl\u00e1stica Est\u00e9tica (International Society of Aesthetic Plastic Surgery\u200a\u2014\u200aISAPS), o Brasil segue ocupando a 2\u00aa posi\u00e7\u00e3o no ranking de pa\u00edses que mais fazem procedimentos est\u00e9ticos n\u00e3o cir\u00fargicos no mundo, perdendo apenas para os Estados Unidos (1\u00ba). Atualmente, o pa\u00eds \u00e9 respons\u00e1vel por 9,7% dos procedimentos est\u00e9ticos realizados no mundo.<\/p>\n<p>Fonte da Imagem: www.medium.com<\/p>\n<p style=\"text-align: justify;\">Fonte para pautas e entrevistas:<br \/>\nVIN\u00cdCIUS SAID | Biom\u00e9dico Esteta<br \/>\nsaid.vinicius@yahoo.com.br<br \/>\n(71) 3035\u20131085 e 71 99190\u20138415<br \/>\nInstagram.com\/viniciusaid<\/p>\n","protected":false},"excerpt":{"rendered":"<p>Por Dr Vinicius Said Alta dos procedimentos est\u00e9ticos n\u00e3o cir\u00fargicos aumentou quase 400%, de acordo com a Sociedade Brasileira de Cirurgia Pl\u00e1stica (SBCP) H\u00e1 12 anos (2008) o Google Trends\u200a\u2014\u200aferramenta de tend\u00eancias do Google, pontuava pela primeira vez o interesse dos brasileiros por harmoniza\u00e7\u00e3o facial. \u00c0 \u00e9poca, harmonizar o rosto unindo botox, preenchimento facial, lasers, [&hellip;]<\/p>\n","protected":false},"author":1,"featured_media":25483,"comment_status":"open","ping_status":"open","sticky":false,"template":"","format":"standard","meta":{"ngg_post_thumbnail":0,"footnotes":""},"categories":[2,32,41],"tags":[],"class_list":["post-25481","post","type-post","status-publish","format-standard","has-post-thumbnail","hentry","category-destaques","category-estetica","category-ultimasnoticias"],"_links":{"self":[{"href":"https:\/\/somdepapo.com.br\/portal\/wp-json\/wp\/v2\/posts\/25481","targetHints":{"allow":["GET"]}}],"collection":[{"href":"https:\/\/somdepapo.com.br\/portal\/wp-json\/wp\/v2\/posts"}],"about":[{"href":"https:\/\/somdepapo.com.br\/portal\/wp-json\/wp\/v2\/types\/post"}],"author":[{"embeddable":true,"href":"https:\/\/somdepapo.com.br\/portal\/wp-json\/wp\/v2\/users\/1"}],"replies":[{"embeddable":true,"href":"https:\/\/somdepapo.com.br\/portal\/wp-json\/wp\/v2\/comments?post=25481"}],"version-history":[{"count":3,"href":"https:\/\/somdepapo.com.br\/portal\/wp-json\/wp\/v2\/posts\/25481\/revisions"}],"predecessor-version":[{"id":25485,"href":"https:\/\/somdepapo.com.br\/portal\/wp-json\/wp\/v2\/posts\/25481\/revisions\/25485"}],"wp:featuredmedia":[{"embeddable":true,"href":"https:\/\/somdepapo.com.br\/portal\/wp-json\/wp\/v2\/media\/25483"}],"wp:attachment":[{"href":"https:\/\/somdepapo.com.br\/portal\/wp-json\/wp\/v2\/media?parent=25481"}],"wp:term":[{"taxonomy":"category","embeddable":true,"href":"https:\/\/somdepapo.com.br\/portal\/wp-json\/wp\/v2\/categories?post=25481"},{"taxonomy":"post_tag","embeddable":true,"href":"https:\/\/somdepapo.com.br\/portal\/wp-json\/wp\/v2\/tags?post=25481"}],"curies":[{"name":"wp","href":"https:\/\/api.w.org\/{rel}","templated":true}]}}