{"id":25550,"date":"2021-02-04T17:33:32","date_gmt":"2021-02-04T17:33:32","guid":{"rendered":"https:\/\/somdepapo.com.br\/portal\/?p=25550"},"modified":"2021-02-04T17:33:45","modified_gmt":"2021-02-04T17:33:45","slug":"cuidar-dos-cabelos-no-verao","status":"publish","type":"post","link":"https:\/\/somdepapo.com.br\/portal\/cuidar-dos-cabelos-no-verao\/","title":{"rendered":"Cuidar dos cabelos no Ver\u00e3o"},"content":{"rendered":"<p style=\"text-align: right;\">Por Gilbertinho Cabelereiro<\/p>\n<p style=\"text-align: justify;\">Automaticamente, a gente j\u00e1 pensa em sol, mar, piscina e muito bronze. Mas\u00a0\u00e9 preciso tomar alguns cuidados b\u00e1sicos para que os cabelos n\u00e3o fiquem ressecados e quebradi\u00e7os, j\u00e1 que todos esses elementos colaboram para que os fios percam a for\u00e7a rapidamente.<\/p>\n<p style=\"text-align: justify;\">Essas agress\u00f5es cotidianas causam uma degrada\u00e7\u00e3o da sa\u00fade da fibra capilar, ainda mais se os seus cabelos frequentemente passam por procedimentos qu\u00edmicos, como tintura, clareamento ou progressiva, o que os torna fr\u00e1geis em qualquer situa\u00e7\u00e3o.<\/p>\n<p style=\"text-align: justify;\"><img fetchpriority=\"high\" decoding=\"async\" class=\"alignnone size-full wp-image-25551\" src=\"https:\/\/somdepapo.com.br\/portal\/wp-content\/uploads\/2021\/02\/IMG-20210204-WA0031.jpg\" alt=\"\" width=\"388\" height=\"657\" srcset=\"https:\/\/somdepapo.com.br\/portal\/wp-content\/uploads\/2021\/02\/IMG-20210204-WA0031.jpg 388w, https:\/\/somdepapo.com.br\/portal\/wp-content\/uploads\/2021\/02\/IMG-20210204-WA0031-177x300.jpg 177w, https:\/\/somdepapo.com.br\/portal\/wp-content\/uploads\/2021\/02\/IMG-20210204-WA0031-248x420.jpg 248w\" sizes=\"(max-width: 388px) 100vw, 388px\" \/><br \/>\nA boa not\u00edcia \u00e9 que, se voc\u00ea n\u00e3o mantiver uma rotina de cuidados com os cabelos, eles v\u00e3o continuar macios e brilhosos nesta e nas pr\u00f3ximas esta\u00e7\u00f5es. Para te ajudar na miss\u00e3o,<br \/>\nSuper dicas simples de cuidados com os cabelos no ver\u00e3o que fazem toda a diferen\u00e7a!<\/p>\n<p>DICAS\ud83d\udc87\ud83c\udffc\u200d\u2640\ufe0f<\/p>\n<p style=\"text-align: justify;\">Saturar os fios com \u00e1gua doce antes de entrar no mar ou na piscina e aplicar cremes hidratantes sem enx\u00e1gue, ajudam a minimizar os danos do sal e do cloro, al\u00e9m de manter os fios para cima, presos em coques altos, para evitar o contato cont\u00ednuo com a \u00e1gua enquanto se banha.<br \/>\nAssim que sair do mar ou da piscina \u00e9 importante lavar os fios novamente com \u00e1gua doce, caso n\u00e3o tenha acesso f\u00e1cil, a \u00e1gua de c\u00f4co \u00e9 uma boa op\u00e7\u00e3o, e reaplicar o creme hidratante idealmente vque contenha filtro de prote\u00e7\u00e3o solar.<\/p>\n<p>Dicas\ud83d\udc87\ud83c\udffc\u200d\u2640\ufe0f<\/p>\n<p style=\"text-align: justify;\">Como o sol costuma deixar os cabelos mais fr\u00e1geis e eles perdem queratina, fazer uma hidrata\u00e7\u00e3o peri\u00f3dica \u00e9 essencial para manter os cabelos saud\u00e1veis, fortes e resistentes. O ideal \u00e9 fazer uma hidrata\u00e7\u00e3o nos fios a cada 15 ou 30 dias, mas no ver\u00e3o esse n\u00famero pode aumentar para que os fiquem protegidos e deve ser feita uma vez por semana. A hidrata\u00e7\u00e3o nos fios pode ser feita tanto com m\u00e1scaras, como com ampolas, que s\u00e3o feitas para deixar os fios mais macios e sem pontas duplas.<\/p>\n<p>&nbsp;<\/p>\n","protected":false},"excerpt":{"rendered":"<p>Por Gilbertinho Cabelereiro Automaticamente, a gente j\u00e1 pensa em sol, mar, piscina e muito bronze. Mas\u00a0\u00e9 preciso tomar alguns cuidados b\u00e1sicos para que os cabelos n\u00e3o fiquem ressecados e quebradi\u00e7os, j\u00e1 que todos esses elementos colaboram para que os fios percam a for\u00e7a rapidamente. Essas agress\u00f5es cotidianas causam uma degrada\u00e7\u00e3o da sa\u00fade da fibra capilar, [&hellip;]<\/p>\n","protected":false},"author":1,"featured_media":25552,"comment_status":"open","ping_status":"open","sticky":false,"template":"","format":"standard","meta":{"ngg_post_thumbnail":0,"footnotes":""},"categories":[2,32,41],"tags":[],"class_list":["post-25550","post","type-post","status-publish","format-standard","has-post-thumbnail","hentry","category-destaques","category-estetica","category-ultimasnoticias"],"_links":{"self":[{"href":"https:\/\/somdepapo.com.br\/portal\/wp-json\/wp\/v2\/posts\/25550","targetHints":{"allow":["GET"]}}],"collection":[{"href":"https:\/\/somdepapo.com.br\/portal\/wp-json\/wp\/v2\/posts"}],"about":[{"href":"https:\/\/somdepapo.com.br\/portal\/wp-json\/wp\/v2\/types\/post"}],"author":[{"embeddable":true,"href":"https:\/\/somdepapo.com.br\/portal\/wp-json\/wp\/v2\/users\/1"}],"replies":[{"embeddable":true,"href":"https:\/\/somdepapo.com.br\/portal\/wp-json\/wp\/v2\/comments?post=25550"}],"version-history":[{"count":2,"href":"https:\/\/somdepapo.com.br\/portal\/wp-json\/wp\/v2\/posts\/25550\/revisions"}],"predecessor-version":[{"id":25554,"href":"https:\/\/somdepapo.com.br\/portal\/wp-json\/wp\/v2\/posts\/25550\/revisions\/25554"}],"wp:featuredmedia":[{"embeddable":true,"href":"https:\/\/somdepapo.com.br\/portal\/wp-json\/wp\/v2\/media\/25552"}],"wp:attachment":[{"href":"https:\/\/somdepapo.com.br\/portal\/wp-json\/wp\/v2\/media?parent=25550"}],"wp:term":[{"taxonomy":"category","embeddable":true,"href":"https:\/\/somdepapo.com.br\/portal\/wp-json\/wp\/v2\/categories?post=25550"},{"taxonomy":"post_tag","embeddable":true,"href":"https:\/\/somdepapo.com.br\/portal\/wp-json\/wp\/v2\/tags?post=25550"}],"curies":[{"name":"wp","href":"https:\/\/api.w.org\/{rel}","templated":true}]}}