{"id":25558,"date":"2021-02-05T19:47:14","date_gmt":"2021-02-05T19:47:14","guid":{"rendered":"https:\/\/somdepapo.com.br\/portal\/?p=25558"},"modified":"2021-02-05T19:48:32","modified_gmt":"2021-02-05T19:48:32","slug":"origem-do-risoto","status":"publish","type":"post","link":"https:\/\/somdepapo.com.br\/portal\/origem-do-risoto\/","title":{"rendered":"Origem do risoto"},"content":{"rendered":"<p style=\"text-align: right;\">Por Chef Fabr\u00edcio Santana<\/p>\n<p style=\"text-align: justify;\">O RISOTO est\u00e1 em alta na Gastronomia h\u00e1 algum tempo, e atualmente \u00e9 um sucesso e quase uma unanimidade. Ele pode ser servido como entrada ou prato principal, acompanhando um bom vinho de prefer\u00eancia<\/p>\n<p style=\"text-align: justify;\">O Risoto que significa \u201cpequeno arroz\u201d \u00e9 um prato italiano que surgiu no norte do pa\u00eds da velha bota, mais precisamente na regi\u00e3o da Lombardia. \u00c9 dif\u00edcil de acreditar que mesmo na maneira que nasceu esse prato, ele possui uma alta aceita\u00e7\u00e3o hoje.<\/p>\n<p style=\"text-align: justify;\">Segundo alguns historiadores, o Risoto nasceu no s\u00e9culo XI, quando os sarracenos (forma com que os crist\u00e3o do Medievo designavam os \u00e1rabes ou os mu\u00e7ulmanos), que dominavam at\u00e9 ent\u00e3o o norte da It\u00e1lia, trouxeram o gr\u00e3o usado para fazer o Risoto.<\/p>\n<p style=\"text-align: justify;\">A receita original que hoje encanta a varias pessoas, s\u00f3 foi criada em 1574 em uma festa de casamento. Segundo acervos hist\u00f3ricos, o criador do Risoto foi o Val\u00e9rio di Fiandra (respons\u00e1vel pela cria\u00e7\u00e3o dos vitrais da Catedral de Mil\u00e3o), que al\u00e9m de ser conhecido pelas suas obras de artes, se destacava na gastronomia italiana com seus \u00f3timos gostos.<\/p>\n<p style=\"text-align: justify;\">Quando sua filha resolveu se casar, Fiandra ofereceu um jantar aos convidados fazendo um dos seus principais pratos, o Risoto. Durante a prepara\u00e7\u00e3o, Fiandra deixou cair acidentalmente na panela uma quantidade de a\u00e7afr\u00e3o, que segundo a lenda foi uma demonstra\u00e7\u00e3o de ci\u00fames pelo casamento de sua filha. Ap\u00f3s o jantar, o \u201cacidente\u201d na cozinha teve uma \u00f3tima aceita\u00e7\u00e3o e recebeu v\u00e1rios elogios. Nascia naquele momento o Risoto alla Milanese (Risoto a milanesa).<\/p>\n<p style=\"text-align: justify;\">Em salvador-ba temos um local especializado em risotos chamado RIZ BISTRO &amp; RISOTOS ( @rizbistrot ) localizado na rua das hort\u00eancias, pituba 966 , a casa conta com servi\u00e7o de delivery ou voc\u00ea pode desfrutar de um otimo ambiente com atendimento maravilhoso .<\/p>\n<p>FONTE : Historiado Luciano Almeida<br \/>\n@coach_luciano_almeida<\/p>\n<p style=\"text-align: justify;\">Fotografia Riz bistrot &amp; risotos<\/p>\n","protected":false},"excerpt":{"rendered":"<p>Por Chef Fabr\u00edcio Santana O RISOTO est\u00e1 em alta na Gastronomia h\u00e1 algum tempo, e atualmente \u00e9 um sucesso e quase uma unanimidade. Ele pode ser servido como entrada ou prato principal, acompanhando um bom vinho de prefer\u00eancia O Risoto que significa \u201cpequeno arroz\u201d \u00e9 um prato italiano que surgiu no norte do pa\u00eds da [&hellip;]<\/p>\n","protected":false},"author":1,"featured_media":25559,"comment_status":"open","ping_status":"open","sticky":false,"template":"","format":"standard","meta":{"ngg_post_thumbnail":0,"footnotes":""},"categories":[2,8,41],"tags":[],"class_list":["post-25558","post","type-post","status-publish","format-standard","has-post-thumbnail","hentry","category-destaques","category-gastronomia","category-ultimasnoticias"],"_links":{"self":[{"href":"https:\/\/somdepapo.com.br\/portal\/wp-json\/wp\/v2\/posts\/25558","targetHints":{"allow":["GET"]}}],"collection":[{"href":"https:\/\/somdepapo.com.br\/portal\/wp-json\/wp\/v2\/posts"}],"about":[{"href":"https:\/\/somdepapo.com.br\/portal\/wp-json\/wp\/v2\/types\/post"}],"author":[{"embeddable":true,"href":"https:\/\/somdepapo.com.br\/portal\/wp-json\/wp\/v2\/users\/1"}],"replies":[{"embeddable":true,"href":"https:\/\/somdepapo.com.br\/portal\/wp-json\/wp\/v2\/comments?post=25558"}],"version-history":[{"count":2,"href":"https:\/\/somdepapo.com.br\/portal\/wp-json\/wp\/v2\/posts\/25558\/revisions"}],"predecessor-version":[{"id":25561,"href":"https:\/\/somdepapo.com.br\/portal\/wp-json\/wp\/v2\/posts\/25558\/revisions\/25561"}],"wp:featuredmedia":[{"embeddable":true,"href":"https:\/\/somdepapo.com.br\/portal\/wp-json\/wp\/v2\/media\/25559"}],"wp:attachment":[{"href":"https:\/\/somdepapo.com.br\/portal\/wp-json\/wp\/v2\/media?parent=25558"}],"wp:term":[{"taxonomy":"category","embeddable":true,"href":"https:\/\/somdepapo.com.br\/portal\/wp-json\/wp\/v2\/categories?post=25558"},{"taxonomy":"post_tag","embeddable":true,"href":"https:\/\/somdepapo.com.br\/portal\/wp-json\/wp\/v2\/tags?post=25558"}],"curies":[{"name":"wp","href":"https:\/\/api.w.org\/{rel}","templated":true}]}}