{"id":25664,"date":"2021-02-17T16:06:43","date_gmt":"2021-02-17T16:06:43","guid":{"rendered":"https:\/\/somdepapo.com.br\/portal\/?p=25664"},"modified":"2021-02-17T16:10:31","modified_gmt":"2021-02-17T16:10:31","slug":"corte-feminino-tendencias-e-looks","status":"publish","type":"post","link":"https:\/\/somdepapo.com.br\/portal\/corte-feminino-tendencias-e-looks\/","title":{"rendered":"Corte Feminino: tend\u00eancias e looks"},"content":{"rendered":"<p style=\"text-align: right;\">Por Gilbertinho Cabelereiro<\/p>\n<p style=\"text-align: justify;\">O corte de cabelo muda totalmente o astral da mulher. Mas, para que isso aconte\u00e7a voc\u00ea deve estar pronta para a mudan\u00e7a e deve levar em conta as caracter\u00edsticas do seu rosto, al\u00e9m da sua personalidade e gosto pessoal.\u00a0Afinal, voc\u00ea n\u00e3o vai querer um corte que fique disconforme com voc\u00ea, n\u00e9?<\/p>\n<p><img fetchpriority=\"high\" decoding=\"async\" class=\"alignnone size-full wp-image-25668\" src=\"https:\/\/somdepapo.com.br\/portal\/wp-content\/uploads\/2021\/02\/Screenshot_20210217-130834.jpg\" alt=\"\" width=\"540\" height=\"960\" srcset=\"https:\/\/somdepapo.com.br\/portal\/wp-content\/uploads\/2021\/02\/Screenshot_20210217-130834.jpg 540w, https:\/\/somdepapo.com.br\/portal\/wp-content\/uploads\/2021\/02\/Screenshot_20210217-130834-169x300.jpg 169w, https:\/\/somdepapo.com.br\/portal\/wp-content\/uploads\/2021\/02\/Screenshot_20210217-130834-236x420.jpg 236w\" sizes=\"(max-width: 540px) 100vw, 540px\" \/><\/p>\n<p style=\"text-align: justify;\">H\u00e1 mulheres que gostam de cabelos curtos, outras de longos e tamb\u00e9m aquelas que preferem os m\u00e9dios. Com o comprimento na altura dos ombros, os\u00a0cortes de cabelo m\u00e9dios\u00a0s\u00e3o bastantes procurados por mulheres que buscam um visual mais b\u00e1sico e discreto.<br \/>\nEste corte acabou se tornando o queridinho das celebridades gra\u00e7as a sua versatilidade e f\u00e1cil manuten\u00e7\u00e3o.\u00a0Os cortes m\u00e9dios podem ter uma base mais reta, ou repicado, isso vai depender do gosto.<\/p>\n<p><img decoding=\"async\" class=\"alignnone size-full wp-image-25667\" src=\"https:\/\/somdepapo.com.br\/portal\/wp-content\/uploads\/2021\/02\/Screenshot_20210217-130810.jpg\" alt=\"\" width=\"540\" height=\"960\" srcset=\"https:\/\/somdepapo.com.br\/portal\/wp-content\/uploads\/2021\/02\/Screenshot_20210217-130810.jpg 540w, https:\/\/somdepapo.com.br\/portal\/wp-content\/uploads\/2021\/02\/Screenshot_20210217-130810-169x300.jpg 169w, https:\/\/somdepapo.com.br\/portal\/wp-content\/uploads\/2021\/02\/Screenshot_20210217-130810-236x420.jpg 236w\" sizes=\"(max-width: 540px) 100vw, 540px\" \/><\/p>\n<p style=\"text-align: justify;\">Ja os cabelo longos,<br \/>\nExistem ainda uma prefer\u00eancia em preservar as madeixas com\u00a0cortes onde as tend\u00eancias continuam em formato de camadas para conceder movimentos e balan\u00e7os, al\u00e9m de repicados!<\/p>\n<p style=\"text-align: justify;\">Essas s\u00e3o algumas dicas que voc\u00ea pode usar para\u00a0cortes de cabelo feminino 2021. Sem esquecer de sempre se manter atualizada com a moda e combinando o corte ideal para o seu rosto.<br \/>\nTer cabelos longos tem suas vantagens como, por exemplo, a diversidade de penteados, j\u00e1 que o comprimento longo combina com quase todo tipo de rosto.\u00a0 O segredo para manter aquele cabel\u00e3o lindo, \u00e9 mant\u00ea-lo sempre hidratado e com o corte em dia, para que n\u00e3o corra o risco de eventuais pontas duplas!<\/p>\n<p>Dicas\ud83d\udc87\ud83c\udffc\u200d\u2640\ufe0f @gilbertinhocabeleireiro<\/p>\n<p>Instagram @gilbertinhocabeleireiro \ud83d\udc87\ud83c\udffc\u200d\u2640\ufe0f<\/p>\n","protected":false},"excerpt":{"rendered":"<p>Por Gilbertinho Cabelereiro O corte de cabelo muda totalmente o astral da mulher. Mas, para que isso aconte\u00e7a voc\u00ea deve estar pronta para a mudan\u00e7a e deve levar em conta as caracter\u00edsticas do seu rosto, al\u00e9m da sua personalidade e gosto pessoal.\u00a0Afinal, voc\u00ea n\u00e3o vai querer um corte que fique disconforme com voc\u00ea, n\u00e9? H\u00e1 [&hellip;]<\/p>\n","protected":false},"author":1,"featured_media":25669,"comment_status":"open","ping_status":"open","sticky":false,"template":"","format":"standard","meta":{"ngg_post_thumbnail":0,"footnotes":""},"categories":[2,32,41],"tags":[],"class_list":["post-25664","post","type-post","status-publish","format-standard","has-post-thumbnail","hentry","category-destaques","category-estetica","category-ultimasnoticias"],"_links":{"self":[{"href":"https:\/\/somdepapo.com.br\/portal\/wp-json\/wp\/v2\/posts\/25664","targetHints":{"allow":["GET"]}}],"collection":[{"href":"https:\/\/somdepapo.com.br\/portal\/wp-json\/wp\/v2\/posts"}],"about":[{"href":"https:\/\/somdepapo.com.br\/portal\/wp-json\/wp\/v2\/types\/post"}],"author":[{"embeddable":true,"href":"https:\/\/somdepapo.com.br\/portal\/wp-json\/wp\/v2\/users\/1"}],"replies":[{"embeddable":true,"href":"https:\/\/somdepapo.com.br\/portal\/wp-json\/wp\/v2\/comments?post=25664"}],"version-history":[{"count":3,"href":"https:\/\/somdepapo.com.br\/portal\/wp-json\/wp\/v2\/posts\/25664\/revisions"}],"predecessor-version":[{"id":25671,"href":"https:\/\/somdepapo.com.br\/portal\/wp-json\/wp\/v2\/posts\/25664\/revisions\/25671"}],"wp:featuredmedia":[{"embeddable":true,"href":"https:\/\/somdepapo.com.br\/portal\/wp-json\/wp\/v2\/media\/25669"}],"wp:attachment":[{"href":"https:\/\/somdepapo.com.br\/portal\/wp-json\/wp\/v2\/media?parent=25664"}],"wp:term":[{"taxonomy":"category","embeddable":true,"href":"https:\/\/somdepapo.com.br\/portal\/wp-json\/wp\/v2\/categories?post=25664"},{"taxonomy":"post_tag","embeddable":true,"href":"https:\/\/somdepapo.com.br\/portal\/wp-json\/wp\/v2\/tags?post=25664"}],"curies":[{"name":"wp","href":"https:\/\/api.w.org\/{rel}","templated":true}]}}