{"id":25879,"date":"2021-03-05T14:26:35","date_gmt":"2021-03-05T14:26:35","guid":{"rendered":"https:\/\/somdepapo.com.br\/portal\/?p=25879"},"modified":"2021-03-05T14:26:35","modified_gmt":"2021-03-05T14:26:35","slug":"chimichuri-molho-para-carnes-assadas","status":"publish","type":"post","link":"https:\/\/somdepapo.com.br\/portal\/chimichuri-molho-para-carnes-assadas\/","title":{"rendered":"Chimichuri: molho para carnes assadas"},"content":{"rendered":"<p style=\"text-align: right;\">Por Chef Fabr\u00edcio Santana<\/p>\n<p style=\"text-align: justify;\">\nINGREDIENTES<br \/>\n5 g de louro picado<br \/>\n5 g de cebolinha desidratada<br \/>\n5 g de or\u00e9gano desidratado<br \/>\n5 g de pimenta calabresa ou outras como do reino (esta escolha \u00e9 ao seu gosto)<br \/>\n10 g de alho e cebola desidratada<br \/>\n10 g de salsinha desidratada<br \/>\n150 ml de vinagre de vinho branco<br \/>\n250 ml de azeite<\/p>\n<p style=\"text-align: justify;\">\nMODO DE PREPARO<br \/>\nMisture todos os ingredientes em um recipiente.<br \/>\nMisture bem. Quando a parte l\u00edquida j\u00e1 estiver bem misturada aos ingredientes secos, tampe o recipiente e leve \u00e0 geladeira para descansar.<br \/>\nDeixe por pelo menos 48 horas, este \u00e9 o tempo necess\u00e1rio para o molho pegar o sabor.<br \/>\nFonte : Chef Fabricio santana<br \/>\n@cheffabriciosantana<br \/>\nFoto: Fabricio santana<\/p>\n","protected":false},"excerpt":{"rendered":"<p>Por Chef Fabr\u00edcio Santana INGREDIENTES 5 g de louro picado 5 g de cebolinha desidratada 5 g de or\u00e9gano desidratado 5 g de pimenta calabresa ou outras como do reino (esta escolha \u00e9 ao seu gosto) 10 g de alho e cebola desidratada 10 g de salsinha desidratada 150 ml de vinagre de vinho branco [&hellip;]<\/p>\n","protected":false},"author":1,"featured_media":25880,"comment_status":"open","ping_status":"open","sticky":false,"template":"","format":"standard","meta":{"ngg_post_thumbnail":0,"footnotes":""},"categories":[2,8,41],"tags":[],"class_list":["post-25879","post","type-post","status-publish","format-standard","has-post-thumbnail","hentry","category-destaques","category-gastronomia","category-ultimasnoticias"],"_links":{"self":[{"href":"https:\/\/somdepapo.com.br\/portal\/wp-json\/wp\/v2\/posts\/25879","targetHints":{"allow":["GET"]}}],"collection":[{"href":"https:\/\/somdepapo.com.br\/portal\/wp-json\/wp\/v2\/posts"}],"about":[{"href":"https:\/\/somdepapo.com.br\/portal\/wp-json\/wp\/v2\/types\/post"}],"author":[{"embeddable":true,"href":"https:\/\/somdepapo.com.br\/portal\/wp-json\/wp\/v2\/users\/1"}],"replies":[{"embeddable":true,"href":"https:\/\/somdepapo.com.br\/portal\/wp-json\/wp\/v2\/comments?post=25879"}],"version-history":[{"count":1,"href":"https:\/\/somdepapo.com.br\/portal\/wp-json\/wp\/v2\/posts\/25879\/revisions"}],"predecessor-version":[{"id":25881,"href":"https:\/\/somdepapo.com.br\/portal\/wp-json\/wp\/v2\/posts\/25879\/revisions\/25881"}],"wp:featuredmedia":[{"embeddable":true,"href":"https:\/\/somdepapo.com.br\/portal\/wp-json\/wp\/v2\/media\/25880"}],"wp:attachment":[{"href":"https:\/\/somdepapo.com.br\/portal\/wp-json\/wp\/v2\/media?parent=25879"}],"wp:term":[{"taxonomy":"category","embeddable":true,"href":"https:\/\/somdepapo.com.br\/portal\/wp-json\/wp\/v2\/categories?post=25879"},{"taxonomy":"post_tag","embeddable":true,"href":"https:\/\/somdepapo.com.br\/portal\/wp-json\/wp\/v2\/tags?post=25879"}],"curies":[{"name":"wp","href":"https:\/\/api.w.org\/{rel}","templated":true}]}}