{"id":26066,"date":"2021-03-19T20:51:51","date_gmt":"2021-03-19T20:51:51","guid":{"rendered":"https:\/\/somdepapo.com.br\/portal\/?p=26066"},"modified":"2021-03-19T20:53:10","modified_gmt":"2021-03-19T20:53:10","slug":"quixada","status":"publish","type":"post","link":"https:\/\/somdepapo.com.br\/portal\/quixada\/","title":{"rendered":"Quiabada"},"content":{"rendered":"<p style=\"text-align: right;\">Por Chef Fabr\u00edcio Santana<\/p>\n<p>INGREDIENTES:<br \/>\n100 quiabos<br \/>\n1 lingui\u00e7a de boi<br \/>\n300 gramas de bacon<br \/>\n300 gramas de carne de sert\u00e3o<br \/>\n100 gramas de camar\u00e3o seco batido<br \/>\nAzeite de dend\u00ea \u00e0 gosto<br \/>\n1 cebola grande<\/p>\n<p>MODO DE PREPARO:<\/p>\n<p style=\"text-align: justify;\">Numa panela aberta e espa\u00e7osa, coloque os quiabos cortados em rodelas.<br \/>\nCorte a cebola, bacon, carne de sert\u00e3o, lingui\u00e7a e coloque na panela\u2026<br \/>\nAdicione 300 ml de \u00e1gua e o dend\u00ea, acrescente o camar\u00e3o seco batido aos poucos\u2026<br \/>\nEm fogo baixo, mexa tudo em intervalos de segundos para n\u00e3o grudar.<br \/>\nEm 25 minutos estar\u00e1 pronto.<\/p>\n<p>Essa receita serve at\u00e9 7 por\u00e7\u00f5es ou mais\u2026<\/p>\n<p>RECEITA @cheffabriciosantana<br \/>\nFOTOGRAFIA: Fabricio Santana<\/p>\n","protected":false},"excerpt":{"rendered":"<p>Por Chef Fabr\u00edcio Santana INGREDIENTES: 100 quiabos 1 lingui\u00e7a de boi 300 gramas de bacon 300 gramas de carne de sert\u00e3o 100 gramas de camar\u00e3o seco batido Azeite de dend\u00ea \u00e0 gosto 1 cebola grande MODO DE PREPARO: Numa panela aberta e espa\u00e7osa, coloque os quiabos cortados em rodelas. Corte a cebola, bacon, carne de [&hellip;]<\/p>\n","protected":false},"author":1,"featured_media":26067,"comment_status":"open","ping_status":"open","sticky":false,"template":"","format":"standard","meta":{"ngg_post_thumbnail":0,"footnotes":""},"categories":[2,8,31,41],"tags":[],"class_list":["post-26066","post","type-post","status-publish","format-standard","has-post-thumbnail","hentry","category-destaques","category-gastronomia","category-noticias","category-ultimasnoticias"],"_links":{"self":[{"href":"https:\/\/somdepapo.com.br\/portal\/wp-json\/wp\/v2\/posts\/26066","targetHints":{"allow":["GET"]}}],"collection":[{"href":"https:\/\/somdepapo.com.br\/portal\/wp-json\/wp\/v2\/posts"}],"about":[{"href":"https:\/\/somdepapo.com.br\/portal\/wp-json\/wp\/v2\/types\/post"}],"author":[{"embeddable":true,"href":"https:\/\/somdepapo.com.br\/portal\/wp-json\/wp\/v2\/users\/1"}],"replies":[{"embeddable":true,"href":"https:\/\/somdepapo.com.br\/portal\/wp-json\/wp\/v2\/comments?post=26066"}],"version-history":[{"count":3,"href":"https:\/\/somdepapo.com.br\/portal\/wp-json\/wp\/v2\/posts\/26066\/revisions"}],"predecessor-version":[{"id":26070,"href":"https:\/\/somdepapo.com.br\/portal\/wp-json\/wp\/v2\/posts\/26066\/revisions\/26070"}],"wp:featuredmedia":[{"embeddable":true,"href":"https:\/\/somdepapo.com.br\/portal\/wp-json\/wp\/v2\/media\/26067"}],"wp:attachment":[{"href":"https:\/\/somdepapo.com.br\/portal\/wp-json\/wp\/v2\/media?parent=26066"}],"wp:term":[{"taxonomy":"category","embeddable":true,"href":"https:\/\/somdepapo.com.br\/portal\/wp-json\/wp\/v2\/categories?post=26066"},{"taxonomy":"post_tag","embeddable":true,"href":"https:\/\/somdepapo.com.br\/portal\/wp-json\/wp\/v2\/tags?post=26066"}],"curies":[{"name":"wp","href":"https:\/\/api.w.org\/{rel}","templated":true}]}}