{"id":26119,"date":"2021-03-24T14:07:43","date_gmt":"2021-03-24T14:07:43","guid":{"rendered":"https:\/\/somdepapo.com.br\/portal\/?p=26119"},"modified":"2021-03-24T14:07:43","modified_gmt":"2021-03-24T14:07:43","slug":"cabelos-saudaveis-na-quarentena-como-tratar-em-seu-lar","status":"publish","type":"post","link":"https:\/\/somdepapo.com.br\/portal\/cabelos-saudaveis-na-quarentena-como-tratar-em-seu-lar\/","title":{"rendered":"Cabelos Saud\u00e1veis na Quarentena? Como tratar em seu lar?"},"content":{"rendered":"<p style=\"text-align: right;\">Por Gilbertinho Cabelereiro<\/p>\n<p style=\"text-align: justify;\">\nApesar de n\u00e3o podermos ir ao atendimento do profissional, \u00e9 poss\u00edvel sim manter a hidrata\u00e7\u00e3o capilar com produtos que podemos usar em casa. O indicado \u00e9 faz\u00ea-la duas vezes por m\u00eas, em um per\u00edodo quinzenal. Se houverem d\u00favidas, d\u00ea aquela ligada pro seu cabeleireiro e saiba como proceder com total seguran\u00e7a.<\/p>\n<p style=\"text-align: justify;\">\nEsse aspecto \u00e9 muito importante, e tem gerado muita d\u00favida neste per\u00edodo, j\u00e1 que o novo coronav\u00edrus tamb\u00e9m pode se manter por muito tempo nos fios do\u00a0cabelo\u00a0ou barba. Ent\u00e3o a medida mais segura a ser manter \u00e9:<br \/>\nTeve que sair de casa? Ent\u00e3o ao retornar lave adequadamente os fios com shampoo e condicionador, e sempre priorize a \u00e1gua morna\/fria, j\u00e1 que a temperatura muito elevada pode provocar o\u00a0ressecamento.<br \/>\nAgora, se voc\u00ea est\u00e1 100% no isolamento e s\u00f3 saindo da porta pra receber o delivery, n\u00e3o tem tanta necessidade de lavar os fios todos os dias e, de quebra, mant\u00e9m a\u00a0oleosidade natural\u00a0do cabelo de forma controlada.<\/p>\n<p style=\"text-align: justify;\">Por estarmos de casa, nem sempre mantemos uma aten\u00e7\u00e3o maior com nossa dieta, e qualquer ida na cozinha \u00e9 motivo pra \u201cbeliscar\u201d alguma coisa. Mas saiba que, assim como para toda a sa\u00fade do corpo, a mudan\u00e7a dos h\u00e1bitos alimentares tamb\u00e9m pode influenciar no bem-estar capilar.<br \/>\nPor isso, mantenha um\u00a0card\u00e1pio equilibrado\u00a0no seu lar, regado de muitas vitaminas, minerais, zinco e ferro que far\u00e3o bem para toda a sua sa\u00fade! Claro, a hidrata\u00e7\u00e3o tamb\u00e9m n\u00e3o pode ficar de fora. Beba \u00e1gua frequentemente e mantenha o h\u00e1bito da garrafinha sempre por perto, como era comum no trabalho, por exemplo.<\/p>\n<p>Apesar de n\u00e3o podermos ir ao atendimento do profissional, \u00e9 poss\u00edvel sim manter a hidrata\u00e7\u00e3o capilar com produtos que podemos usar em casa. O indicado \u00e9 faz\u00ea-la duas vezes por m\u00eas, em um per\u00edodo quinzenal. Se houverem d\u00favidas, d\u00ea aquela ligada pro seu cabeleireiro e saiba como proceder com total seguran\u00e7a.<br \/>\nPara conhecer os produtos mais adequados para os tratamentos home care. Possu\u00edmos diversas linhas desenvolvidas justamente para essa finalidades de tratamentos capilares!<\/p>\n<p style=\"text-align: justify;\"><img fetchpriority=\"high\" decoding=\"async\" class=\"alignnone size-full wp-image-26120\" src=\"https:\/\/somdepapo.com.br\/portal\/wp-content\/uploads\/2021\/03\/Screenshot_20210324-110451.jpg\" alt=\"\" width=\"540\" height=\"960\" srcset=\"https:\/\/somdepapo.com.br\/portal\/wp-content\/uploads\/2021\/03\/Screenshot_20210324-110451.jpg 540w, https:\/\/somdepapo.com.br\/portal\/wp-content\/uploads\/2021\/03\/Screenshot_20210324-110451-169x300.jpg 169w, https:\/\/somdepapo.com.br\/portal\/wp-content\/uploads\/2021\/03\/Screenshot_20210324-110451-236x420.jpg 236w\" sizes=\"(max-width: 540px) 100vw, 540px\" \/><br \/>\nVoc\u00ea tamb\u00e9m ama um solzinho e n\u00e3o deixa de aproveit\u00e1-lo na hora que surge na varanda, no cantinho do quarto ou na sala? N\u00f3s tamb\u00e9m somos, afinal, quase todo brasileiro adora pegar um sol. Mas, mesmo de casa, na hora de aproveitar esse calorzinho \u00e9 necess\u00e1rio cuidar da pele e dos cabelos.<br \/>\nUtilize protetores t\u00e9rmicos nos fios, mas se n\u00e3o for poss\u00edvel, opte por chap\u00e9us ou bon\u00e9s para proteg\u00ea-los, e lembre-se: esses acess\u00f3rios podem abafar a raiz, ent\u00e3o n\u00e3o use-os por muito tempo, ok?<\/p>\n<p style=\"text-align: justify;\">Por n\u00e3o termos que sair, nem sempre mantemos os cuidados que dever\u00edamos na hora de pentear o cabelo. Essa a\u00e7\u00e3o \u00e9 muito importante para evitar o embara\u00e7amento, a quebra e outros tipos de perdas na beleza e sa\u00fade capilar.<br \/>\nEnt\u00e3o, fica a dica: use os pentes da mesma forma e periodicidade que eram usados antes, com m\u00e1ximo cuidado. Afinal, em breve poderemos voltar \u00e0 nossa rotina habitual, e ningu\u00e9m vai querer ter que fazer revolu\u00e7\u00f5es pra deixar o cabelo como gostar\u00edamos, n\u00e3o \u00e9 mesmo? Cuide-se \ud83d\ude37<\/p>\n<p>Att:<\/p>\n<p>Gilbertinho Cabeleireiro\ud83d\udc87\ud83c\udffc\u200d\u2640\ufe0f\ud83d\udc87\ud83c\udffb\u200d\u2642\ufe0f<\/p>\n<p>Instagram \ud83d\udc87\u200d\u2640\ufe0f\ud83d\udc87\ud83c\udffb\u200d\u2642\ufe0f @gilbertinhocabeleireiro<\/p>\n<p>&nbsp;<\/p>\n","protected":false},"excerpt":{"rendered":"<p>Por Gilbertinho Cabelereiro Apesar de n\u00e3o podermos ir ao atendimento do profissional, \u00e9 poss\u00edvel sim manter a hidrata\u00e7\u00e3o capilar com produtos que podemos usar em casa. O indicado \u00e9 faz\u00ea-la duas vezes por m\u00eas, em um per\u00edodo quinzenal. Se houverem d\u00favidas, d\u00ea aquela ligada pro seu cabeleireiro e saiba como proceder com total seguran\u00e7a. Esse [&hellip;]<\/p>\n","protected":false},"author":1,"featured_media":26121,"comment_status":"open","ping_status":"open","sticky":false,"template":"","format":"standard","meta":{"ngg_post_thumbnail":0,"footnotes":""},"categories":[2,32,41],"tags":[],"class_list":["post-26119","post","type-post","status-publish","format-standard","has-post-thumbnail","hentry","category-destaques","category-estetica","category-ultimasnoticias"],"_links":{"self":[{"href":"https:\/\/somdepapo.com.br\/portal\/wp-json\/wp\/v2\/posts\/26119","targetHints":{"allow":["GET"]}}],"collection":[{"href":"https:\/\/somdepapo.com.br\/portal\/wp-json\/wp\/v2\/posts"}],"about":[{"href":"https:\/\/somdepapo.com.br\/portal\/wp-json\/wp\/v2\/types\/post"}],"author":[{"embeddable":true,"href":"https:\/\/somdepapo.com.br\/portal\/wp-json\/wp\/v2\/users\/1"}],"replies":[{"embeddable":true,"href":"https:\/\/somdepapo.com.br\/portal\/wp-json\/wp\/v2\/comments?post=26119"}],"version-history":[{"count":1,"href":"https:\/\/somdepapo.com.br\/portal\/wp-json\/wp\/v2\/posts\/26119\/revisions"}],"predecessor-version":[{"id":26122,"href":"https:\/\/somdepapo.com.br\/portal\/wp-json\/wp\/v2\/posts\/26119\/revisions\/26122"}],"wp:featuredmedia":[{"embeddable":true,"href":"https:\/\/somdepapo.com.br\/portal\/wp-json\/wp\/v2\/media\/26121"}],"wp:attachment":[{"href":"https:\/\/somdepapo.com.br\/portal\/wp-json\/wp\/v2\/media?parent=26119"}],"wp:term":[{"taxonomy":"category","embeddable":true,"href":"https:\/\/somdepapo.com.br\/portal\/wp-json\/wp\/v2\/categories?post=26119"},{"taxonomy":"post_tag","embeddable":true,"href":"https:\/\/somdepapo.com.br\/portal\/wp-json\/wp\/v2\/tags?post=26119"}],"curies":[{"name":"wp","href":"https:\/\/api.w.org\/{rel}","templated":true}]}}