{"id":26549,"date":"2021-05-08T16:42:22","date_gmt":"2021-05-08T16:42:22","guid":{"rendered":"https:\/\/somdepapo.com.br\/portal\/?p=26549"},"modified":"2021-05-08T16:47:52","modified_gmt":"2021-05-08T16:47:52","slug":"intradermoterapia-cuidando-da-estetica-das-mamaes","status":"publish","type":"post","link":"https:\/\/somdepapo.com.br\/portal\/intradermoterapia-cuidando-da-estetica-das-mamaes\/","title":{"rendered":"Intradermoterapia: cuidando da est\u00e9tica das mam\u00e3es"},"content":{"rendered":"<p style=\"text-align: right;\">Por Tailene Correia<\/p>\n<p style=\"text-align: justify;\">A Intradermoterapia \u00e9 um procedimento invasivo, que pode ser feito em homens e mulheres.\u00a0 \u00c9 um m\u00e9todo super tranquilo e eficaz para eliminar aquela pochete e gordurinha nos flancos, por meio de aplica\u00e7\u00f5es de enzimas, com ativos de a\u00e7\u00e3o lipol\u00edtica para queima dos adip\u00f3citos (as c\u00e9lulas de gordura) diretamente na regi\u00e3o subcut\u00e2nea a ser aplicada.<\/p>\n<p style=\"text-align: justify;\">Por isso que os resultados com as aplica\u00e7\u00f5es de enzimas s\u00e3o percept\u00edveis desde as primeiras sess\u00f5es, pois a a\u00e7\u00e3o \u00e9 direta na \u00e1rea a ser tratada, podendo perder at\u00e9 20cm de circunfer\u00eancia abdominal total at\u00e9 o final das 05 sess\u00f5es.<\/p>\n<p>As aplica\u00e7\u00f5es de enzimas, reduz medidas, eliminando a gordura localizada. Clientes disciplinados, que cuidam da alimenta\u00e7\u00e3o e praticam atividade f\u00edsica, t\u00eam excelentes resultados.<\/p>\n<p style=\"text-align: justify;\">Por sess\u00e3o, podemos observar uma perda de medidas significativa entre 3 a 10cm. Sendo assim, a intradermoterapia \u00e9 um dos tratamentos mais indicados para gordura localizada, flacidez e celulite, perda de peso corporal, estrias, defini\u00e7\u00e3o de abd\u00f4men e dentre outras disfun\u00e7\u00f5es est\u00e9ticas.<\/p>\n<p>Para maiores informa\u00e7\u00f5es siga nosso Instagram @esteticatailene<\/p>\n<p>Fonte da Imagem:<\/p>\n<p>www.florida-estetica.com<\/p>\n","protected":false},"excerpt":{"rendered":"<p>Por Tailene Correia A Intradermoterapia \u00e9 um procedimento invasivo, que pode ser feito em homens e mulheres.\u00a0 \u00c9 um m\u00e9todo super tranquilo e eficaz para eliminar aquela pochete e gordurinha nos flancos, por meio de aplica\u00e7\u00f5es de enzimas, com ativos de a\u00e7\u00e3o lipol\u00edtica para queima dos adip\u00f3citos (as c\u00e9lulas de gordura) diretamente na regi\u00e3o subcut\u00e2nea [&hellip;]<\/p>\n","protected":false},"author":1,"featured_media":26552,"comment_status":"open","ping_status":"open","sticky":false,"template":"","format":"standard","meta":{"ngg_post_thumbnail":0,"footnotes":""},"categories":[2,32,41],"tags":[],"class_list":["post-26549","post","type-post","status-publish","format-standard","has-post-thumbnail","hentry","category-destaques","category-estetica","category-ultimasnoticias"],"_links":{"self":[{"href":"https:\/\/somdepapo.com.br\/portal\/wp-json\/wp\/v2\/posts\/26549","targetHints":{"allow":["GET"]}}],"collection":[{"href":"https:\/\/somdepapo.com.br\/portal\/wp-json\/wp\/v2\/posts"}],"about":[{"href":"https:\/\/somdepapo.com.br\/portal\/wp-json\/wp\/v2\/types\/post"}],"author":[{"embeddable":true,"href":"https:\/\/somdepapo.com.br\/portal\/wp-json\/wp\/v2\/users\/1"}],"replies":[{"embeddable":true,"href":"https:\/\/somdepapo.com.br\/portal\/wp-json\/wp\/v2\/comments?post=26549"}],"version-history":[{"count":4,"href":"https:\/\/somdepapo.com.br\/portal\/wp-json\/wp\/v2\/posts\/26549\/revisions"}],"predecessor-version":[{"id":26554,"href":"https:\/\/somdepapo.com.br\/portal\/wp-json\/wp\/v2\/posts\/26549\/revisions\/26554"}],"wp:featuredmedia":[{"embeddable":true,"href":"https:\/\/somdepapo.com.br\/portal\/wp-json\/wp\/v2\/media\/26552"}],"wp:attachment":[{"href":"https:\/\/somdepapo.com.br\/portal\/wp-json\/wp\/v2\/media?parent=26549"}],"wp:term":[{"taxonomy":"category","embeddable":true,"href":"https:\/\/somdepapo.com.br\/portal\/wp-json\/wp\/v2\/categories?post=26549"},{"taxonomy":"post_tag","embeddable":true,"href":"https:\/\/somdepapo.com.br\/portal\/wp-json\/wp\/v2\/tags?post=26549"}],"curies":[{"name":"wp","href":"https:\/\/api.w.org\/{rel}","templated":true}]}}