{"id":26823,"date":"2021-06-20T14:25:32","date_gmt":"2021-06-20T14:25:32","guid":{"rendered":"https:\/\/somdepapo.com.br\/portal\/?p=26823"},"modified":"2021-06-20T14:25:32","modified_gmt":"2021-06-20T14:25:32","slug":"as-irmas-lima-exemplo-de-foco-e-determinacao","status":"publish","type":"post","link":"https:\/\/somdepapo.com.br\/portal\/as-irmas-lima-exemplo-de-foco-e-determinacao\/","title":{"rendered":"As Irm\u00e3s Lima: exemplo de foco e determina\u00e7\u00e3o"},"content":{"rendered":"<div id=\"m1740273173750299076\" class=\"mail-message expanded\">\n<div class=\"mail-message-header spacer\" style=\"text-align: right;\">\u00a0Por Omar Silva<\/div>\n<div class=\"mail-message-content collapsible zoom-normal mail-show-images \" style=\"text-align: justify;\">\n<div class=\"clear\">\n<div>\n<div dir=\"auto\">\n<div id=\"m-4182735360181847635\" class=\"mail-message expanded\">\n<div class=\"mail-message-header spacer\"><\/div>\n<div class=\"mail-message-content collapsible zoom-normal mail-show-images \">\n<div class=\"clear\">\n<div><\/div>\n<div>\n<div>As IRM\u00c3S LIMA s\u00e3o lindas em simpatia e na voz! Elas Naturais de Pen\u00e1polis, interior de S\u00e3o Paulo, Silvana e Gislene Lima tiveram uma inf\u00e2ncia humilde. Sempre incentivadas pela fam\u00edlia, come\u00e7aram muito cedo na m\u00fasica: Silvana tocava sanfona e cantava com a irm\u00e3 mais velha, Dudu. Gislene, a ca\u00e7ula, era a bailarina da dupla, depois passou a cantar com Silvana. Fatalmente o destino interrompeu a vida de Dudu, a mais velha, que sempre ajudou na carreira das mais novas. Dudu fazia as composi\u00e7\u00f5es e coreografias, e tamb\u00e9m investia seu dinheiro na realiza\u00e7\u00e3o delas. A morte da Dudu causou um choque nas outras duas irm\u00e3s e at\u00e9 uma pausa na carreira delas. Com o apoio da fam\u00edlia, dois anos depois, a dupla retornou aos palcos. As irm\u00e3s Lima gravaram discos e uma homenagem \u00e0 irm\u00e3, com a m\u00fasica \u2018Voa Cisne\u2019, que est\u00e1 dispon\u00edvel no YouTube. Come\u00e7aram a se apresentar nas TVs regionais como as \u2018Irm\u00e3s Lima\u2019, at\u00e9 chegarem ao programa do Rodrigo Faro. L\u00e1, ganharam instrumentos novos e conheceram os \u00eddolos Jo\u00e3o Neto e Frederico. Participaram tamb\u00e9m de concursos nos Programas do Ratinho e Silvio Santos, ambos no SBT. Foi nesse per\u00edodo que adotaram o nome \u2018Gi Lima &amp; Gi Mara\u2019. Isso trouxe maior identidade \u00e0 dupla. Nosso produtor Omar Silva \u00e9 quem cuida da nossa carreira musical.<\/div>\n<div><img fetchpriority=\"high\" decoding=\"async\" class=\"alignnone size-full wp-image-26824\" src=\"https:\/\/somdepapo.com.br\/portal\/wp-content\/uploads\/2021\/06\/images-3.jpeg\" alt=\"\" width=\"739\" height=\"415\" srcset=\"https:\/\/somdepapo.com.br\/portal\/wp-content\/uploads\/2021\/06\/images-3.jpeg 739w, https:\/\/somdepapo.com.br\/portal\/wp-content\/uploads\/2021\/06\/images-3-300x168.jpeg 300w, https:\/\/somdepapo.com.br\/portal\/wp-content\/uploads\/2021\/06\/images-3-696x391.jpeg 696w\" sizes=\"(max-width: 739px) 100vw, 739px\" \/><\/div>\n<div>\n<div>Devido a pandemia do Corona v\u00edrus, tudo teve uma pausa, mas tudo isso passar\u00e1.<\/div>\n<div style=\"text-align: justify;\">Elas tem um longo percurso,e prometem trazer \u00a0muita novidade pra galera. M\u00fasicas, parcerias, um novo trabalho feito com muito carinho .<\/div>\n<div>Primeiro, &#8220;Coloquem Deus em primeiro plano, nunca desista dos seus sonhos. Por mais dif\u00edceis ou loucos que pare\u00e7am. Tudo tem seu tempo e hora.<\/div>\n<p>Deus coloca as pessoas certas, no momento certo. N\u00e3o tem essa de eu n\u00e3o tenho condi\u00e7\u00f5es para isso ou aquilo, ningu\u00e9m acredita em mim, n\u00e3o tenho apoio. N\u00e3o ponham isso na cabe\u00e7a. Voc\u00eas podem chegar aonde quiserem, \u2018\u2019basta acreditar\u2019\u2019. Um beijo e um abra\u00e7o da Gi Lima &amp; Gi Mara a todos voc\u00eas e nossa gratid\u00e3o&#8221;.Finaliza as Irmas Lima.<\/p><\/div>\n<\/div>\n<\/div>\n<\/div>\n<\/div>\n<div id=\"conversation-footer\" class=\"spacer\"><\/div>\n<\/div>\n<blockquote>\n<div dir=\"auto\">\n<div class=\"signature-text\"><\/div>\n<div class=\"signature-text\"><\/div>\n<\/div>\n<div class=\"signature-text\"><\/div>\n<\/blockquote>\n<div class=\"signature-text\"><\/div>\n<\/div>\n<div class=\"signature-text\">\n<div><\/div>\n<\/div>\n<\/div>\n<\/div>\n<\/div>\n<div id=\"conversation-footer\" class=\"spacer\" style=\"text-align: justify;\"><\/div>\n","protected":false},"excerpt":{"rendered":"<p>\u00a0Por Omar Silva As IRM\u00c3S LIMA s\u00e3o lindas em simpatia e na voz! Elas Naturais de Pen\u00e1polis, interior de S\u00e3o Paulo, Silvana e Gislene Lima tiveram uma inf\u00e2ncia humilde. Sempre incentivadas pela fam\u00edlia, come\u00e7aram muito cedo na m\u00fasica: Silvana tocava sanfona e cantava com a irm\u00e3 mais velha, Dudu. Gislene, a ca\u00e7ula, era a bailarina [&hellip;]<\/p>\n","protected":false},"author":1,"featured_media":26825,"comment_status":"open","ping_status":"open","sticky":false,"template":"","format":"standard","meta":{"ngg_post_thumbnail":0,"footnotes":""},"categories":[2,146,31,41],"tags":[],"class_list":["post-26823","post","type-post","status-publish","format-standard","has-post-thumbnail","hentry","category-destaques","category-musica","category-noticias","category-ultimasnoticias"],"_links":{"self":[{"href":"https:\/\/somdepapo.com.br\/portal\/wp-json\/wp\/v2\/posts\/26823","targetHints":{"allow":["GET"]}}],"collection":[{"href":"https:\/\/somdepapo.com.br\/portal\/wp-json\/wp\/v2\/posts"}],"about":[{"href":"https:\/\/somdepapo.com.br\/portal\/wp-json\/wp\/v2\/types\/post"}],"author":[{"embeddable":true,"href":"https:\/\/somdepapo.com.br\/portal\/wp-json\/wp\/v2\/users\/1"}],"replies":[{"embeddable":true,"href":"https:\/\/somdepapo.com.br\/portal\/wp-json\/wp\/v2\/comments?post=26823"}],"version-history":[{"count":1,"href":"https:\/\/somdepapo.com.br\/portal\/wp-json\/wp\/v2\/posts\/26823\/revisions"}],"predecessor-version":[{"id":26826,"href":"https:\/\/somdepapo.com.br\/portal\/wp-json\/wp\/v2\/posts\/26823\/revisions\/26826"}],"wp:featuredmedia":[{"embeddable":true,"href":"https:\/\/somdepapo.com.br\/portal\/wp-json\/wp\/v2\/media\/26825"}],"wp:attachment":[{"href":"https:\/\/somdepapo.com.br\/portal\/wp-json\/wp\/v2\/media?parent=26823"}],"wp:term":[{"taxonomy":"category","embeddable":true,"href":"https:\/\/somdepapo.com.br\/portal\/wp-json\/wp\/v2\/categories?post=26823"},{"taxonomy":"post_tag","embeddable":true,"href":"https:\/\/somdepapo.com.br\/portal\/wp-json\/wp\/v2\/tags?post=26823"}],"curies":[{"name":"wp","href":"https:\/\/api.w.org\/{rel}","templated":true}]}}