{"id":27138,"date":"2021-08-13T19:57:20","date_gmt":"2021-08-13T19:57:20","guid":{"rendered":"https:\/\/somdepapo.com.br\/portal\/?p=27138"},"modified":"2021-08-13T19:57:20","modified_gmt":"2021-08-13T19:57:20","slug":"queda-de-cabelo-pos-covid-cuidados-e-boas-praticas-do-crescimento-dos-fios","status":"publish","type":"post","link":"https:\/\/somdepapo.com.br\/portal\/queda-de-cabelo-pos-covid-cuidados-e-boas-praticas-do-crescimento-dos-fios\/","title":{"rendered":"Queda de cabelo p\u00f3s-covid! Cuidados e boas pr\u00e1ticas do crescimento dos fios!"},"content":{"rendered":"<p style=\"text-align: right;\"><em>Por Gilbertinho Cabelereiro<\/em><\/p>\n<p>&nbsp;<\/p>\n<p style=\"text-align: justify;\">A queda excessiva de cabelos \u00e9 um fen\u00f4meno relativamente comum durante e ap\u00f3s o processo de recupera\u00e7\u00e3o de algumas doen\u00e7as infecciosas, como Dengue, Zika, Chikungunya e tamb\u00e9m a Covid-19.<\/p>\n<p style=\"text-align: justify;\">No caso espec\u00edfico da infec\u00e7\u00e3o pelo coronav\u00edrus, os dados mostram que, de cada 4 acometidos, 1 apresenta o sintoma.<\/p>\n<p style=\"text-align: justify;\">Infelizmente, ainda\u00a0<strong>n\u00e3o existe forma de preven\u00e7\u00e3o<\/strong>\u00a0a esse tipo de queda, no entanto, a principal recomenda\u00e7\u00e3o \u00e9 que, assim que esse sintoma seja notado, que seja\u00a0<strong>procurado uma avalia\u00e7\u00e3o com o dermatologista<\/strong>\u00a0\u2013\u00a0de prefer\u00eancia um especialista em tricologia \u2013 para que o quadro seja avaliado e o melhor tratamento seja definido.<\/p>\n<p style=\"text-align: justify;\">Ainda n\u00e3o \u00e9 muito claro para os especialistas o mecanismo que provoca a queda acentuada de cabelos no p\u00f3s-Covid, por\u00e9m alguns fatores se mostram os mais prov\u00e1veis. Dosagem da vacina \u00e9 fundamental para equilibrar possivelmente esse processo!<\/p>\n<p style=\"text-align: justify;\">O intenso processo inflamat\u00f3rio provocado pelo v\u00edrus<\/p>\n<p style=\"text-align: justify;\">A acentua\u00e7\u00e3o de doen\u00e7as autoimunes.<\/p>\n<p style=\"text-align: justify;\">A maior tend\u00eancia a processos infecciosos.<\/p>\n<p style=\"text-align: justify;\">O estresse emocional pelo qual passam pessoas infectadas.<\/p>\n<p style=\"text-align: justify;\">Uma das hip\u00f3teses tamb\u00e9m muito consideradas \u00e9 uma esp\u00e9cie de\u00a0<strong>prioriza\u00e7\u00e3o do organismo pela prote\u00e7\u00e3o e recupera\u00e7\u00e3o<\/strong>\u00a0da sa\u00fade em geral. Onde direciona super energias e nutrientes para os fios capilares!<\/p>\n<p style=\"text-align: justify;\">Como resultado de todo esse processo, muitos acabam apresentando\u00a0<strong>perdas em todo o couro cabeludo<\/strong>, numa esp\u00e9cie de\u00a0<a href=\"https:\/\/kedimanassif.com.br\/tricologia\/doencas\/efluvio-anageno-e-telogeno\/\"><strong>efl\u00favio tel\u00f3geno<\/strong><\/a>, ou ent\u00e3o, numa pequena parte dos casos, podem tamb\u00e9m apresentar\u00a0<strong>perdas em pontos espec\u00edficos<\/strong>\u00a0da cabe\u00e7a,<\/p>\n<p style=\"text-align: justify;\">Nosso cabelo naturalmente passa por 3 fases \u2013\u00a0<strong>an\u00e1gena, cat\u00e1gena e tel\u00f3gena<\/strong>\u00a0\u2013\u00a0que correspondem ao\u00a0<strong>crescimento, estabiliza\u00e7\u00e3o e queda<\/strong>\u00a0dos fios. Todo esse processo pode levar de 2 a 6 anos, em condi\u00e7\u00f5es normais. Lavagem dos fios e\u00a0reconstru\u00e7\u00f5es capilares, \u00e9 fundamental para repor os nutrientes perdidos em cada procedimento feito! Cuidar \u00e9 preciso!<\/p>\n<p>&nbsp;<\/p>\n<p>Imagem: MRAORAOR\/SHUTTERSTOCK<\/p>\n","protected":false},"excerpt":{"rendered":"<p>Por Gilbertinho Cabelereiro &nbsp; A queda excessiva de cabelos \u00e9 um fen\u00f4meno relativamente comum durante e ap\u00f3s o processo de recupera\u00e7\u00e3o de algumas doen\u00e7as infecciosas, como Dengue, Zika, Chikungunya e tamb\u00e9m a Covid-19. No caso espec\u00edfico da infec\u00e7\u00e3o pelo coronav\u00edrus, os dados mostram que, de cada 4 acometidos, 1 apresenta o sintoma. Infelizmente, ainda\u00a0n\u00e3o existe [&hellip;]<\/p>\n","protected":false},"author":1,"featured_media":27139,"comment_status":"open","ping_status":"open","sticky":false,"template":"","format":"standard","meta":{"ngg_post_thumbnail":0,"footnotes":""},"categories":[2,32,41],"tags":[206,193],"class_list":["post-27138","post","type-post","status-publish","format-standard","has-post-thumbnail","hentry","category-destaques","category-estetica","category-ultimasnoticias","tag-calvice","tag-estetica"],"_links":{"self":[{"href":"https:\/\/somdepapo.com.br\/portal\/wp-json\/wp\/v2\/posts\/27138","targetHints":{"allow":["GET"]}}],"collection":[{"href":"https:\/\/somdepapo.com.br\/portal\/wp-json\/wp\/v2\/posts"}],"about":[{"href":"https:\/\/somdepapo.com.br\/portal\/wp-json\/wp\/v2\/types\/post"}],"author":[{"embeddable":true,"href":"https:\/\/somdepapo.com.br\/portal\/wp-json\/wp\/v2\/users\/1"}],"replies":[{"embeddable":true,"href":"https:\/\/somdepapo.com.br\/portal\/wp-json\/wp\/v2\/comments?post=27138"}],"version-history":[{"count":3,"href":"https:\/\/somdepapo.com.br\/portal\/wp-json\/wp\/v2\/posts\/27138\/revisions"}],"predecessor-version":[{"id":27142,"href":"https:\/\/somdepapo.com.br\/portal\/wp-json\/wp\/v2\/posts\/27138\/revisions\/27142"}],"wp:featuredmedia":[{"embeddable":true,"href":"https:\/\/somdepapo.com.br\/portal\/wp-json\/wp\/v2\/media\/27139"}],"wp:attachment":[{"href":"https:\/\/somdepapo.com.br\/portal\/wp-json\/wp\/v2\/media?parent=27138"}],"wp:term":[{"taxonomy":"category","embeddable":true,"href":"https:\/\/somdepapo.com.br\/portal\/wp-json\/wp\/v2\/categories?post=27138"},{"taxonomy":"post_tag","embeddable":true,"href":"https:\/\/somdepapo.com.br\/portal\/wp-json\/wp\/v2\/tags?post=27138"}],"curies":[{"name":"wp","href":"https:\/\/api.w.org\/{rel}","templated":true}]}}