{"id":27210,"date":"2021-08-18T14:55:54","date_gmt":"2021-08-18T14:55:54","guid":{"rendered":"https:\/\/somdepapo.com.br\/portal\/?p=27210"},"modified":"2021-08-18T15:00:50","modified_gmt":"2021-08-18T15:00:50","slug":"vagas-para-agente-funerario-em-camacari","status":"publish","type":"post","link":"https:\/\/somdepapo.com.br\/portal\/vagas-para-agente-funerario-em-camacari\/","title":{"rendered":"Vagas para Agente Funer\u00e1rio em Cama\u00e7ari"},"content":{"rendered":"<p style=\"text-align: justify;\">Agente Funer\u00e1rio<\/p>\n<p style=\"text-align: justify;\">Pafir &#8211; Plano de assist\u00eancia familiar<\/p>\n<p style=\"text-align: justify;\">Cama\u00e7ari, BA<\/p>\n<p style=\"text-align: justify;\"><strong>Sal\u00e1rio<\/strong><\/p>\n<p style=\"text-align: justify;\">R$ 1.400 &#8211; R$ 2.200 por m\u00eas<\/p>\n<p style=\"text-align: justify;\"><strong>N\u00famero de contrata\u00e7\u00f5es para este cargo:<\/strong> 6<\/p>\n<p style=\"text-align: justify;\"><strong>Descri\u00e7\u00e3o completa da vaga<\/strong><\/p>\n<p style=\"text-align: justify;\">Vaga para trabalhar em funer\u00e1ria. Vaga para pessoas comprometidas com servi\u00e7o, hor\u00e1rio e bom atendimento ao cliente.<\/p>\n<p style=\"text-align: justify;\"><strong>Tipo de vaga:<\/strong> Tempo Integral, Comissionado, Efetivo\/CLT<\/p>\n<p style=\"text-align: justify;\"><strong>Sal\u00e1rio<\/strong>: R$1.400,00 &#8211; R$2.200,00 por m\u00eas<\/p>\n<p style=\"text-align: justify;\"><strong>Hor\u00e1rio de trabalho:<\/strong><\/p>\n<p style=\"text-align: justify;\">\u00a0\u00a0\u00a0 Dias \u00fateis e finais de semana<\/p>\n<p style=\"text-align: justify;\">\u00a0\u00a0\u00a0 Turno de 8 horas<\/p>\n<p style=\"text-align: justify;\">\u00a0\u00a0\u00a0 Turno di\u00e1rio<\/p>\n<p>&nbsp;<\/p>\n<p>Fonte:<\/p>\n<ul>\n<li>br.indeed.com<\/li>\n<\/ul>\n","protected":false},"excerpt":{"rendered":"<p>Agente Funer\u00e1rio Pafir &#8211; Plano de assist\u00eancia familiar Cama\u00e7ari, BA Sal\u00e1rio R$ 1.400 &#8211; R$ 2.200 por m\u00eas N\u00famero de contrata\u00e7\u00f5es para este cargo: 6 Descri\u00e7\u00e3o completa da vaga Vaga para trabalhar em funer\u00e1ria. Vaga para pessoas comprometidas com servi\u00e7o, hor\u00e1rio e bom atendimento ao cliente. Tipo de vaga: Tempo Integral, Comissionado, Efetivo\/CLT Sal\u00e1rio: R$1.400,00 [&hellip;]<\/p>\n","protected":false},"author":1,"featured_media":26996,"comment_status":"open","ping_status":"open","sticky":false,"template":"","format":"standard","meta":{"ngg_post_thumbnail":0,"footnotes":""},"categories":[2,201,41],"tags":[],"class_list":["post-27210","post","type-post","status-publish","format-standard","has-post-thumbnail","hentry","category-destaques","category-emprego","category-ultimasnoticias"],"_links":{"self":[{"href":"https:\/\/somdepapo.com.br\/portal\/wp-json\/wp\/v2\/posts\/27210","targetHints":{"allow":["GET"]}}],"collection":[{"href":"https:\/\/somdepapo.com.br\/portal\/wp-json\/wp\/v2\/posts"}],"about":[{"href":"https:\/\/somdepapo.com.br\/portal\/wp-json\/wp\/v2\/types\/post"}],"author":[{"embeddable":true,"href":"https:\/\/somdepapo.com.br\/portal\/wp-json\/wp\/v2\/users\/1"}],"replies":[{"embeddable":true,"href":"https:\/\/somdepapo.com.br\/portal\/wp-json\/wp\/v2\/comments?post=27210"}],"version-history":[{"count":2,"href":"https:\/\/somdepapo.com.br\/portal\/wp-json\/wp\/v2\/posts\/27210\/revisions"}],"predecessor-version":[{"id":27212,"href":"https:\/\/somdepapo.com.br\/portal\/wp-json\/wp\/v2\/posts\/27210\/revisions\/27212"}],"wp:featuredmedia":[{"embeddable":true,"href":"https:\/\/somdepapo.com.br\/portal\/wp-json\/wp\/v2\/media\/26996"}],"wp:attachment":[{"href":"https:\/\/somdepapo.com.br\/portal\/wp-json\/wp\/v2\/media?parent=27210"}],"wp:term":[{"taxonomy":"category","embeddable":true,"href":"https:\/\/somdepapo.com.br\/portal\/wp-json\/wp\/v2\/categories?post=27210"},{"taxonomy":"post_tag","embeddable":true,"href":"https:\/\/somdepapo.com.br\/portal\/wp-json\/wp\/v2\/tags?post=27210"}],"curies":[{"name":"wp","href":"https:\/\/api.w.org\/{rel}","templated":true}]}}