{"id":27312,"date":"2021-08-25T14:01:18","date_gmt":"2021-08-25T14:01:18","guid":{"rendered":"https:\/\/somdepapo.com.br\/portal\/?p=27312"},"modified":"2021-08-25T14:43:30","modified_gmt":"2021-08-25T14:43:30","slug":"morena-iluminada-e-uma-tendencia-ideal-para-quem-deseja-conferir-luminosidade-natural-aos-cabelo-preto","status":"publish","type":"post","link":"https:\/\/somdepapo.com.br\/portal\/morena-iluminada-e-uma-tendencia-ideal-para-quem-deseja-conferir-luminosidade-natural-aos-cabelo-preto\/","title":{"rendered":"Morena iluminada \u00e9 uma tend\u00eancia ideal para quem deseja conferir luminosidade natural aos cabelos pretos"},"content":{"rendered":"<p style=\"text-align: right;\"><strong>Por: Gilbertinho Cabeleireiro<\/strong><\/p>\n<p>&nbsp;<\/p>\n<p style=\"text-align: justify;\">J\u00e1 que ele combina a colora\u00e7\u00e3o escura dos fios com mechas de cores quentes. Al\u00e9m de valorizar todos os tons de pele, os reflexos mais claros podem variar de acordo com a sua prefer\u00eancia, com op\u00e7\u00f5es que v\u00e3o do loiro mel ao loiro caramelo. Para voc\u00ea que deseja saber mais sobre o cabelo morena iluminada nos fios pretos.<\/p>\n<p style=\"text-align: justify;\">A proposta dessa colora\u00e7\u00e3o \u00e9 preservar a base escura do cabelo e iluminar com luzes mais claras pelo comprimento, com o n\u00edvel de ilumina\u00e7\u00e3o variando de acordo com sua prefer\u00eancia. Uma de suas vantagens \u00e9 sua versatilidade, permitindo que voc\u00ea escolha a t\u00e9cnica de mechas que mais gostar, como ombr\u00e9 hair, free hands, babylights e luzes s\u00f3 no contorno do rosto.<\/p>\n<p style=\"text-align: justify;\">Outro fator que faz toda a diferen\u00e7a nas mechas morena iluminada \u00e9 a cor escolhida. Cada tonalidade proporciona um acabamento diferente, seja mais marcado ou natural, e voc\u00ea pode escolher a que mais combina com seu estilo.<\/p>\n<p>&nbsp;<\/p>\n<p>Imagens: @gilbertinhocabeleireiro<\/p>\n","protected":false},"excerpt":{"rendered":"<p>Por: Gilbertinho Cabeleireiro &nbsp; J\u00e1 que ele combina a colora\u00e7\u00e3o escura dos fios com mechas de cores quentes. Al\u00e9m de valorizar todos os tons de pele, os reflexos mais claros podem variar de acordo com a sua prefer\u00eancia, com op\u00e7\u00f5es que v\u00e3o do loiro mel ao loiro caramelo. Para voc\u00ea que deseja saber mais sobre [&hellip;]<\/p>\n","protected":false},"author":1,"featured_media":27313,"comment_status":"open","ping_status":"open","sticky":false,"template":"","format":"standard","meta":{"ngg_post_thumbnail":0,"footnotes":""},"categories":[2,32,41],"tags":[],"class_list":["post-27312","post","type-post","status-publish","format-standard","has-post-thumbnail","hentry","category-destaques","category-estetica","category-ultimasnoticias"],"_links":{"self":[{"href":"https:\/\/somdepapo.com.br\/portal\/wp-json\/wp\/v2\/posts\/27312","targetHints":{"allow":["GET"]}}],"collection":[{"href":"https:\/\/somdepapo.com.br\/portal\/wp-json\/wp\/v2\/posts"}],"about":[{"href":"https:\/\/somdepapo.com.br\/portal\/wp-json\/wp\/v2\/types\/post"}],"author":[{"embeddable":true,"href":"https:\/\/somdepapo.com.br\/portal\/wp-json\/wp\/v2\/users\/1"}],"replies":[{"embeddable":true,"href":"https:\/\/somdepapo.com.br\/portal\/wp-json\/wp\/v2\/comments?post=27312"}],"version-history":[{"count":3,"href":"https:\/\/somdepapo.com.br\/portal\/wp-json\/wp\/v2\/posts\/27312\/revisions"}],"predecessor-version":[{"id":27316,"href":"https:\/\/somdepapo.com.br\/portal\/wp-json\/wp\/v2\/posts\/27312\/revisions\/27316"}],"wp:featuredmedia":[{"embeddable":true,"href":"https:\/\/somdepapo.com.br\/portal\/wp-json\/wp\/v2\/media\/27313"}],"wp:attachment":[{"href":"https:\/\/somdepapo.com.br\/portal\/wp-json\/wp\/v2\/media?parent=27312"}],"wp:term":[{"taxonomy":"category","embeddable":true,"href":"https:\/\/somdepapo.com.br\/portal\/wp-json\/wp\/v2\/categories?post=27312"},{"taxonomy":"post_tag","embeddable":true,"href":"https:\/\/somdepapo.com.br\/portal\/wp-json\/wp\/v2\/tags?post=27312"}],"curies":[{"name":"wp","href":"https:\/\/api.w.org\/{rel}","templated":true}]}}