{"id":27427,"date":"2021-09-07T17:00:48","date_gmt":"2021-09-07T20:00:48","guid":{"rendered":"https:\/\/somdepapo.com.br\/portal\/?p=27427"},"modified":"2021-09-07T07:43:37","modified_gmt":"2021-09-07T10:43:37","slug":"extensao-ou-alongamento-de-cilios-com-a-tecnica-fio-a-fio","status":"publish","type":"post","link":"https:\/\/somdepapo.com.br\/portal\/extensao-ou-alongamento-de-cilios-com-a-tecnica-fio-a-fio\/","title":{"rendered":"Extens\u00e3o ou Alongamento de C\u00edlios com a t\u00e9cnica Fio a Fio"},"content":{"rendered":"<p style=\"text-align: right;\"><strong>Por Monica Alves<\/strong><\/p>\n<p>&nbsp;<\/p>\n<p style=\"text-align: justify;\">O alongamento de c\u00edlios fio a fio, \u00e9 uma das t\u00e9cnicas de beleza mais procuradas do momento. Al\u00e9m de seu efeito natural e embelezamento do olhar, traz praticidade para o dia a dia, pois dispensa o uso de r\u00edmel ou curvex.<br \/>\nA extens\u00e3o de C\u00edlios fio a fio, \u00e9 uma t\u00e9cnica est\u00e9tica, que proporciona um maior volume dos c\u00edlios e defini\u00e7\u00e3o do olhar, ajudando tamb\u00e9m, a preencher falhas que prejudicam a intensidade do olhar, com essa t\u00e9cnica, o olhar torna-se marcante com efeito natural.<br \/>\nMuita aten\u00e7\u00e3o ao escolher o profissional, existem t\u00e9cnicas, pr\u00e1ticas de biosseguran\u00e7a, manuten\u00e7\u00e3o e alguns cuidados que precisam ser levados em considera\u00e7\u00e3o antes da aplica\u00e7\u00e3o.<br \/>\nNo entanto, um procedimento delicado, como o alongamento de c\u00edlios fio a fio, deve ser tratado com muito carinho, afinal, quem n\u00e3o quer manter o olhar glamouroso por mais tempo.<\/p>\n<p style=\"text-align: justify;\"><strong>Dica do dia:<\/strong><br \/>\nAgende sua Manuten\u00e7\u00e3o sempre que fizer a aplica\u00e7\u00e3o!<br \/>\nNa manuten\u00e7\u00e3o, \u00e9 feita a reposi\u00e7\u00e3o dos fios que ca\u00edram e s\u00e3o refor\u00e7ados os c\u00edlios artificiais que estejam mais sensibilizados.<\/p>\n","protected":false},"excerpt":{"rendered":"<p>Por Monica Alves &nbsp; O alongamento de c\u00edlios fio a fio, \u00e9 uma das t\u00e9cnicas de beleza mais procuradas do momento. Al\u00e9m de seu efeito natural e embelezamento do olhar, traz praticidade para o dia a dia, pois dispensa o uso de r\u00edmel ou curvex. A extens\u00e3o de C\u00edlios fio a fio, \u00e9 uma t\u00e9cnica [&hellip;]<\/p>\n","protected":false},"author":1,"featured_media":0,"comment_status":"open","ping_status":"open","sticky":false,"template":"","format":"standard","meta":{"ngg_post_thumbnail":0,"footnotes":""},"categories":[2,32,41],"tags":[],"class_list":["post-27427","post","type-post","status-publish","format-standard","hentry","category-destaques","category-estetica","category-ultimasnoticias"],"_links":{"self":[{"href":"https:\/\/somdepapo.com.br\/portal\/wp-json\/wp\/v2\/posts\/27427","targetHints":{"allow":["GET"]}}],"collection":[{"href":"https:\/\/somdepapo.com.br\/portal\/wp-json\/wp\/v2\/posts"}],"about":[{"href":"https:\/\/somdepapo.com.br\/portal\/wp-json\/wp\/v2\/types\/post"}],"author":[{"embeddable":true,"href":"https:\/\/somdepapo.com.br\/portal\/wp-json\/wp\/v2\/users\/1"}],"replies":[{"embeddable":true,"href":"https:\/\/somdepapo.com.br\/portal\/wp-json\/wp\/v2\/comments?post=27427"}],"version-history":[{"count":1,"href":"https:\/\/somdepapo.com.br\/portal\/wp-json\/wp\/v2\/posts\/27427\/revisions"}],"predecessor-version":[{"id":27429,"href":"https:\/\/somdepapo.com.br\/portal\/wp-json\/wp\/v2\/posts\/27427\/revisions\/27429"}],"wp:attachment":[{"href":"https:\/\/somdepapo.com.br\/portal\/wp-json\/wp\/v2\/media?parent=27427"}],"wp:term":[{"taxonomy":"category","embeddable":true,"href":"https:\/\/somdepapo.com.br\/portal\/wp-json\/wp\/v2\/categories?post=27427"},{"taxonomy":"post_tag","embeddable":true,"href":"https:\/\/somdepapo.com.br\/portal\/wp-json\/wp\/v2\/tags?post=27427"}],"curies":[{"name":"wp","href":"https:\/\/api.w.org\/{rel}","templated":true}]}}