{"id":27446,"date":"2021-09-09T12:00:35","date_gmt":"2021-09-09T15:00:35","guid":{"rendered":"https:\/\/somdepapo.com.br\/portal\/?p=27446"},"modified":"2021-09-09T09:48:15","modified_gmt":"2021-09-09T12:48:15","slug":"vagas-para-analista-comercial-degustador-e-estoquista-em-diversos-estados","status":"publish","type":"post","link":"https:\/\/somdepapo.com.br\/portal\/vagas-para-analista-comercial-degustador-e-estoquista-em-diversos-estados\/","title":{"rendered":"Vagas para Analista Comercial, Degustador e Estoquista em diversos estados"},"content":{"rendered":"<h1>Analista Comercial<\/h1>\n<h4>Lacchi Foods &#8211; Distribuidora de Alimentos<\/h4>\n<h4>Campo Grande, MS<\/h4>\n<p>&nbsp;<\/p>\n<p><strong>Sal\u00e1rio: <\/strong>R$ 1.800 &#8211; R$ 3.000 por m\u00eas<\/p>\n<p><strong>N\u00famero de contrata\u00e7\u00f5es para este cargo:<\/strong> 1<\/p>\n<p><strong>Descri\u00e7\u00e3o completa da vaga<\/strong><\/p>\n<ul>\n<li>Est\u00e1 sob as responsabilidades de um Analista Comercial Interno realizar a atualiza\u00e7\u00e3o de cadastros de clientes, fazer tratamento e arquivamento de documenta\u00e7\u00e3o, analisar o volume de faturamento, assim como a an\u00e1lise de processos de venda , cota\u00e7\u00f5es, propostas comerciais, relat\u00f3rios de vendas, an\u00e1lise de clientes, pedidos no sistema, acompanhar e desenvolver estrat\u00e9gia e relat\u00f3rios sobre as vendas internas, avaliar o desempenho de representantes, monitorar as opera\u00e7\u00f5es e dar suporte a todas \u00e1reas de vendas internas.<\/li>\n<li>Para que o profissional tenha um bom desempenho como Analista Comercial Interno \u00e9 essencial que al\u00e9m da gradua\u00e7\u00e3o possua dinamismo, pr\u00f3-atividade, boa administra\u00e7\u00e3o do tempo, criatividade, boa percep\u00e7\u00e3o e estar atualizado sobre todos os assuntos ligados \u00e0 vendas.<\/li>\n<\/ul>\n<p><strong>Prazo para inscri\u00e7\u00e3o:<\/strong> 15\/09\/2021<\/p>\n<p><strong>Data de in\u00edcio prevista:<\/strong> 20\/09\/2021<\/p>\n<p><strong>Tipo de vaga:<\/strong> Tempo Integral, Efetivo\/CLT<\/p>\n<p><strong>Benef\u00edcios:<\/strong><\/p>\n<ul>\n<li>Aux\u00edlio-combust\u00edvel<\/li>\n<li>Celular da empresa<\/li>\n<li>Estacionamento gratuito<\/li>\n<li>Vale-transporte<\/li>\n<\/ul>\n<p><strong>Hor\u00e1rio de trabalho:<\/strong><\/p>\n<ul>\n<li>De segunda \u00e0 sexta-feira<\/li>\n<li>Turno de 8 horas<\/li>\n<\/ul>\n<p><strong>Pagamento adicional:<\/strong><\/p>\n<ul>\n<li>B\u00f4nus<\/li>\n<li>Comiss\u00e3o<\/li>\n<li>Hora extra<\/li>\n<\/ul>\n<p><strong>Escolaridade:<\/strong> Ensino Superior completo (Preferencial)<\/p>\n<p><strong>Experi\u00eancia: <\/strong>\u00c1rea comercial (Preferencial)<\/p>\n<p><strong>Trabalhar remotamente:<\/strong> N\u00e3o<\/p>\n<p>&nbsp;<\/p>\n<h1>Estoquista<\/h1>\n<h4>iByte. Mais que tecnologia.<\/h4>\n<h4>Fortaleza, CE<\/h4>\n<p>&nbsp;<\/p>\n<p><strong>Responsabilidades e atribui\u00e7\u00f5es:<\/strong><\/p>\n<ul>\n<li>Realizar o recebimento de produto;<\/li>\n<li>Realizar a separa\u00e7\u00e3o de produto;<\/li>\n<li>Realizar a organiza\u00e7\u00e3o e limpeza do estoque;<\/li>\n<li>Realizar o invent\u00e1rio de estoque;<\/li>\n<li>Auxiliar os encarregados de estoque e expedi\u00e7\u00e3o conforme as demandas da \u00e1rea.<\/li>\n<\/ul>\n<p><strong>Requisitos e qualifica\u00e7\u00f5es:<\/strong> Ensino m\u00e9dio completo.<\/p>\n<p><strong>Informa\u00e7\u00f5es adicionais:<\/strong><\/p>\n<ul>\n<li>Sal\u00e1rio;<\/li>\n<li>Vale Alimenta\u00e7\u00e3o ou Refei\u00e7\u00e3o;<\/li>\n<li>Vale Transporte;<\/li>\n<li>50 % de desconto no plano de sa\u00fade ap\u00f3s 3 meses;<\/li>\n<li>Plano Odontol\u00f3gico (valor empresarial);<\/li>\n<li>Capacita\u00e7\u00f5es na empresa;<\/li>\n<li>Descontos em faculdades, aplicativo de atendimento psicol\u00f3gico e consultas medicas.<\/li>\n<\/ul>\n<p>&nbsp;<\/p>\n<h1>Degustador (a)<\/h1>\n<h4>Pole Alimentos Ltda<\/h4>\n<h4>Fortaleza, CE<\/h4>\n<p>&nbsp;<\/p>\n<p><strong>Sal\u00e1rio: <\/strong>R$ 1.167 por m\u00eas<\/p>\n<p><strong>Tipo da vaga: <\/strong>Efetivo\/CLT<\/p>\n<p><strong>N\u00famero de contrata\u00e7\u00f5es para este cargo: <\/strong>1<\/p>\n<p><strong>Descri\u00e7\u00e3o completa da vaga:<\/strong><\/p>\n<ul>\n<li>Separar os produtos e preparar as receitas do dia;<\/li>\n<li>Organizar a exposi\u00e7\u00e3o dos produtos a serem degustados;<\/li>\n<li>Efetuar a abordagem dos clientes para degusta\u00e7\u00e3o;<\/li>\n<li>Executar a\u00e7\u00f5es de giro no PDV;<\/li>\n<li>Participar de eventos com apresenta\u00e7\u00f5es de produtos e distribui\u00e7\u00e3o de brindes;<\/li>\n<li>Realizar demais atividades correlatas a fun\u00e7\u00e3o.<\/li>\n<\/ul>\n<p><strong>Benef\u00edcios:<\/strong><\/p>\n<ul>\n<li>Assist\u00eancia m\u00e9dica<\/li>\n<li>Assist\u00eancia odontol\u00f3gica<\/li>\n<li>Seguro de vida<\/li>\n<li>Vale-refei\u00e7\u00e3o<\/li>\n<li>Vale-transporte<\/li>\n<\/ul>\n<p><strong>Hor\u00e1rio de trabalho: <\/strong>Turno de 8 horas<\/p>\n<p><strong>Trabalhar remotamente: <\/strong>N\u00e3o<\/p>\n<p>&nbsp;<\/p>\n<p>&nbsp;<\/p>\n<p>Fonte: br.indeed.com\/<\/p>\n","protected":false},"excerpt":{"rendered":"<p>Analista Comercial Lacchi Foods &#8211; Distribuidora de Alimentos Campo Grande, MS &nbsp; Sal\u00e1rio: R$ 1.800 &#8211; R$ 3.000 por m\u00eas N\u00famero de contrata\u00e7\u00f5es para este cargo: 1 Descri\u00e7\u00e3o completa da vaga Est\u00e1 sob as responsabilidades de um Analista Comercial Interno realizar a atualiza\u00e7\u00e3o de cadastros de clientes, fazer tratamento e arquivamento de documenta\u00e7\u00e3o, analisar o [&hellip;]<\/p>\n","protected":false},"author":1,"featured_media":26996,"comment_status":"open","ping_status":"open","sticky":false,"template":"","format":"standard","meta":{"ngg_post_thumbnail":0,"footnotes":""},"categories":[2,154,41],"tags":[],"class_list":["post-27446","post","type-post","status-publish","format-standard","has-post-thumbnail","hentry","category-destaques","category-mercado-de-trabalho","category-ultimasnoticias"],"_links":{"self":[{"href":"https:\/\/somdepapo.com.br\/portal\/wp-json\/wp\/v2\/posts\/27446","targetHints":{"allow":["GET"]}}],"collection":[{"href":"https:\/\/somdepapo.com.br\/portal\/wp-json\/wp\/v2\/posts"}],"about":[{"href":"https:\/\/somdepapo.com.br\/portal\/wp-json\/wp\/v2\/types\/post"}],"author":[{"embeddable":true,"href":"https:\/\/somdepapo.com.br\/portal\/wp-json\/wp\/v2\/users\/1"}],"replies":[{"embeddable":true,"href":"https:\/\/somdepapo.com.br\/portal\/wp-json\/wp\/v2\/comments?post=27446"}],"version-history":[{"count":2,"href":"https:\/\/somdepapo.com.br\/portal\/wp-json\/wp\/v2\/posts\/27446\/revisions"}],"predecessor-version":[{"id":27448,"href":"https:\/\/somdepapo.com.br\/portal\/wp-json\/wp\/v2\/posts\/27446\/revisions\/27448"}],"wp:featuredmedia":[{"embeddable":true,"href":"https:\/\/somdepapo.com.br\/portal\/wp-json\/wp\/v2\/media\/26996"}],"wp:attachment":[{"href":"https:\/\/somdepapo.com.br\/portal\/wp-json\/wp\/v2\/media?parent=27446"}],"wp:term":[{"taxonomy":"category","embeddable":true,"href":"https:\/\/somdepapo.com.br\/portal\/wp-json\/wp\/v2\/categories?post=27446"},{"taxonomy":"post_tag","embeddable":true,"href":"https:\/\/somdepapo.com.br\/portal\/wp-json\/wp\/v2\/tags?post=27446"}],"curies":[{"name":"wp","href":"https:\/\/api.w.org\/{rel}","templated":true}]}}