{"id":27678,"date":"2021-09-30T10:00:57","date_gmt":"2021-09-30T13:00:57","guid":{"rendered":"https:\/\/somdepapo.com.br\/portal\/?p=27678"},"modified":"2021-09-24T15:57:32","modified_gmt":"2021-09-24T18:57:32","slug":"microagulhamento","status":"publish","type":"post","link":"https:\/\/somdepapo.com.br\/portal\/microagulhamento\/","title":{"rendered":"Microagulhamento"},"content":{"rendered":"<p style=\"text-align: right;\"><strong>Por: Monica Alves<\/strong><\/p>\n<p>&nbsp;<\/p>\n<p style=\"text-align: justify;\">O microagulhamento \u00e9 um tratamento que serve para remover cicatrizes de acne, disfar\u00e7ar mancha, outras cicatrizes, rugas, linhas de express\u00e3o da pele atrav\u00e9s de uma estimula\u00e7\u00e3o natural feita com micro agulhas que penetram na derme favorecendo a forma\u00e7\u00e3o de novas fibras de col\u00e1geno que d\u00e3o firmeza a pele.<\/p>\n<p style=\"text-align: justify;\">As principais indica\u00e7\u00f5es do microagulhamento s\u00e3o: cicatrizes especialmente as de acne, estrias, envelhecimento e flacidez, melasma e drug delivery em geral.<\/p>\n<p>&nbsp;<\/p>\n<p>Imagens: Pessoal<\/p>\n","protected":false},"excerpt":{"rendered":"<p>Por: Monica Alves &nbsp; O microagulhamento \u00e9 um tratamento que serve para remover cicatrizes de acne, disfar\u00e7ar mancha, outras cicatrizes, rugas, linhas de express\u00e3o da pele atrav\u00e9s de uma estimula\u00e7\u00e3o natural feita com micro agulhas que penetram na derme favorecendo a forma\u00e7\u00e3o de novas fibras de col\u00e1geno que d\u00e3o firmeza a pele. As principais indica\u00e7\u00f5es [&hellip;]<\/p>\n","protected":false},"author":1,"featured_media":0,"comment_status":"open","ping_status":"open","sticky":false,"template":"","format":"standard","meta":{"ngg_post_thumbnail":0,"footnotes":""},"categories":[2,32,41],"tags":[],"class_list":["post-27678","post","type-post","status-publish","format-standard","hentry","category-destaques","category-estetica","category-ultimasnoticias"],"_links":{"self":[{"href":"https:\/\/somdepapo.com.br\/portal\/wp-json\/wp\/v2\/posts\/27678","targetHints":{"allow":["GET"]}}],"collection":[{"href":"https:\/\/somdepapo.com.br\/portal\/wp-json\/wp\/v2\/posts"}],"about":[{"href":"https:\/\/somdepapo.com.br\/portal\/wp-json\/wp\/v2\/types\/post"}],"author":[{"embeddable":true,"href":"https:\/\/somdepapo.com.br\/portal\/wp-json\/wp\/v2\/users\/1"}],"replies":[{"embeddable":true,"href":"https:\/\/somdepapo.com.br\/portal\/wp-json\/wp\/v2\/comments?post=27678"}],"version-history":[{"count":1,"href":"https:\/\/somdepapo.com.br\/portal\/wp-json\/wp\/v2\/posts\/27678\/revisions"}],"predecessor-version":[{"id":27679,"href":"https:\/\/somdepapo.com.br\/portal\/wp-json\/wp\/v2\/posts\/27678\/revisions\/27679"}],"wp:attachment":[{"href":"https:\/\/somdepapo.com.br\/portal\/wp-json\/wp\/v2\/media?parent=27678"}],"wp:term":[{"taxonomy":"category","embeddable":true,"href":"https:\/\/somdepapo.com.br\/portal\/wp-json\/wp\/v2\/categories?post=27678"},{"taxonomy":"post_tag","embeddable":true,"href":"https:\/\/somdepapo.com.br\/portal\/wp-json\/wp\/v2\/tags?post=27678"}],"curies":[{"name":"wp","href":"https:\/\/api.w.org\/{rel}","templated":true}]}}