{"id":27768,"date":"2021-10-06T10:00:53","date_gmt":"2021-10-06T13:00:53","guid":{"rendered":"https:\/\/somdepapo.com.br\/portal\/?p=27768"},"modified":"2021-10-05T20:29:30","modified_gmt":"2021-10-05T23:29:30","slug":"o-mal-do-seculo-21","status":"publish","type":"post","link":"https:\/\/somdepapo.com.br\/portal\/o-mal-do-seculo-21\/","title":{"rendered":"O mal do s\u00e9culo 21"},"content":{"rendered":"<p style=\"text-align: right;\"><strong>Por: Thiago Winner<\/strong><\/p>\n<p>&nbsp;<\/p>\n<p style=\"text-align: justify;\">A depress\u00e3o e a ansiedade \u00e9 o mal do s\u00e9culo XXI. Li sobre esse assunto no livro do Augusto Cury (Ansiedade: Como enfrentar o mal do s\u00e9culo). De fato, \u00e9 algo que eu percebo que est\u00e1 acontecendo com as pessoas. De fato, o mundo anda cada vez mais r\u00e1pido, e as pessoas est\u00e3o cada vez se ocupando com mais de 1 trabalho e demais atividades.<\/p>\n<p style=\"text-align: justify;\">Hoje, informa\u00e7\u00f5es chegam muito r\u00e1pido para n\u00f3s, principalmente\u00a0atrav\u00e9s da internet. Mas, pelo fato de tantas informa\u00e7\u00f5es e tarefas para se fazer, isso gera a ansiedade, ou seja, o excesso de preocupa\u00e7\u00e3o.<\/p>\n<p style=\"text-align: justify;\">N\u00e3o somente a ansiedade \u00e9 o mal desse s\u00e9culo, tamb\u00e9m a depress\u00e3o. Expor muito a vida na internet, pode gerar pessoas que v\u00e3o te &#8220;atacar&#8221; com palavras de menosprezo e de baixo cal\u00e3o.<\/p>\n<p style=\"text-align: justify;\">Quando circulo\u00a0por ruas, vejo como a sociedade mudou,\u00a0infelizmente mudou para pior. Muitas pessoas andam de cabe\u00e7a baixa, pensando em tanto de coisas que tem que fazer, as contas para pagar, o relacionamento afetivo que n\u00e3o vai bem, etc.<\/p>\n<p style=\"text-align: justify;\">Por isso, uma profiss\u00e3o que est\u00e1 em crescente alta e procura \u00e9 a do psic\u00f3logo.<\/p>\n<p style=\"text-align: justify;\">Acredito eu que os psic\u00f3logos nunca foram t\u00e3o solicitados, como est\u00e1 sendo ultimamente. Muitas pessoas andam tristes, deprimidas e ansiosas. As pessoas cada vez mais est\u00e3o ficando cansadas e doentes. \u00c0s vezes,\u00a0o problema \u00e9 mais mental do que f\u00edsico.<\/p>\n<p style=\"text-align: justify;\">Cada vez mais a psicologia\u00a0ir\u00e1 ampliar suas inova\u00e7\u00f5es e disciplinas, e isso ser\u00e1 um fator determinante para que possa ajudar muitas pessoas no presente no futuro com as quest\u00f5es emocionais que causam\u00a0 a depress\u00e3o e ansiedade.<\/p>\n<p>&nbsp;<\/p>\n<p style=\"text-align: justify;\">Texto baseado no livro &#8220;Ansiedade: Como enfrentar o mal do s\u00e9culo XXI&#8221;, do autor Augusto\u00a0Cury<\/p>\n<p style=\"text-align: justify;\">@escritorthiagowinner<\/p>\n<p>&nbsp;<\/p>\n<p>Imagens: Pessoal<\/p>\n","protected":false},"excerpt":{"rendered":"<p>Por: Thiago Winner &nbsp; A depress\u00e3o e a ansiedade \u00e9 o mal do s\u00e9culo XXI. Li sobre esse assunto no livro do Augusto Cury (Ansiedade: Como enfrentar o mal do s\u00e9culo). De fato, \u00e9 algo que eu percebo que est\u00e1 acontecendo com as pessoas. De fato, o mundo anda cada vez mais r\u00e1pido, e as [&hellip;]<\/p>\n","protected":false},"author":1,"featured_media":0,"comment_status":"open","ping_status":"open","sticky":false,"template":"","format":"standard","meta":{"ngg_post_thumbnail":0,"footnotes":""},"categories":[2,155,41],"tags":[],"class_list":["post-27768","post","type-post","status-publish","format-standard","hentry","category-destaques","category-mercado-de-trabalho-2","category-ultimasnoticias"],"_links":{"self":[{"href":"https:\/\/somdepapo.com.br\/portal\/wp-json\/wp\/v2\/posts\/27768","targetHints":{"allow":["GET"]}}],"collection":[{"href":"https:\/\/somdepapo.com.br\/portal\/wp-json\/wp\/v2\/posts"}],"about":[{"href":"https:\/\/somdepapo.com.br\/portal\/wp-json\/wp\/v2\/types\/post"}],"author":[{"embeddable":true,"href":"https:\/\/somdepapo.com.br\/portal\/wp-json\/wp\/v2\/users\/1"}],"replies":[{"embeddable":true,"href":"https:\/\/somdepapo.com.br\/portal\/wp-json\/wp\/v2\/comments?post=27768"}],"version-history":[{"count":1,"href":"https:\/\/somdepapo.com.br\/portal\/wp-json\/wp\/v2\/posts\/27768\/revisions"}],"predecessor-version":[{"id":27769,"href":"https:\/\/somdepapo.com.br\/portal\/wp-json\/wp\/v2\/posts\/27768\/revisions\/27769"}],"wp:attachment":[{"href":"https:\/\/somdepapo.com.br\/portal\/wp-json\/wp\/v2\/media?parent=27768"}],"wp:term":[{"taxonomy":"category","embeddable":true,"href":"https:\/\/somdepapo.com.br\/portal\/wp-json\/wp\/v2\/categories?post=27768"},{"taxonomy":"post_tag","embeddable":true,"href":"https:\/\/somdepapo.com.br\/portal\/wp-json\/wp\/v2\/tags?post=27768"}],"curies":[{"name":"wp","href":"https:\/\/api.w.org\/{rel}","templated":true}]}}