{"id":27777,"date":"2021-10-07T17:00:14","date_gmt":"2021-10-07T20:00:14","guid":{"rendered":"https:\/\/somdepapo.com.br\/portal\/?p=27777"},"modified":"2021-10-07T06:32:59","modified_gmt":"2021-10-07T09:32:59","slug":"cortes-de-cabelo-curtos-femininos","status":"publish","type":"post","link":"https:\/\/somdepapo.com.br\/portal\/cortes-de-cabelo-curtos-femininos\/","title":{"rendered":"Cortes de cabelo curtos femininos"},"content":{"rendered":"<p style=\"text-align: right;\"><strong>Por: Gilbertinho Cabeleireiro<\/strong><\/p>\n<p>&nbsp;<\/p>\n<p>Muitas mulheres optam por penteados curtos durante o ver\u00e3o para vencer o calor, para fazer uma declara\u00e7\u00e3o ou porque o cabelo curto pode ser muito mais f\u00e1cil de manusear e pentear. E estamos totalmente de acordo!<\/p>\n<p>Um penteado curto pode ser p\u00e9ssimo se voc\u00ea tiver coragem de ir para ele. No entanto, acertar pode lhe dar aquela confian\u00e7a extra de que voc\u00ea precisa e realmente adicionar um novo visual.<\/p>\n<p><img fetchpriority=\"high\" decoding=\"async\" class=\"size-full wp-image-27779 aligncenter\" src=\"https:\/\/somdepapo.com.br\/portal\/wp-content\/uploads\/2021\/09\/1-1-3.jpg\" alt=\"\" width=\"720\" height=\"720\" srcset=\"https:\/\/somdepapo.com.br\/portal\/wp-content\/uploads\/2021\/09\/1-1-3.jpg 720w, https:\/\/somdepapo.com.br\/portal\/wp-content\/uploads\/2021\/09\/1-1-3-300x300.jpg 300w, https:\/\/somdepapo.com.br\/portal\/wp-content\/uploads\/2021\/09\/1-1-3-150x150.jpg 150w, https:\/\/somdepapo.com.br\/portal\/wp-content\/uploads\/2021\/09\/1-1-3-696x696.jpg 696w, https:\/\/somdepapo.com.br\/portal\/wp-content\/uploads\/2021\/09\/1-1-3-420x420.jpg 420w\" sizes=\"(max-width: 720px) 100vw, 720px\" \/><\/p>\n<p><strong>Mudan\u00e7as podem ser positivas.<\/strong><\/p>\n<p>Com apar\u00eancia e estilo, o mundo \u00e9 sua ostra, e h\u00e1 uma grande variedade de cortes curtos que podem complementar qualquer formato de rosto, cor de olhos, tons do cabelo e personalidade. Uma franja longa assim\u00e9trica tem um toque futurista e certamente vai chamar a aten\u00e7\u00e3o com seu estilo \u00fanico.<\/p>\n<p>Se voc\u00ea est\u00e1 procurando volume e tem medo de que um corte de cabelo curto v\u00e1 tirar isso de voc\u00ea, este corte de cabelo \u00e9 adequado para voc\u00ea. Esta apar\u00eancia em camadas que se acumula no topo da cabe\u00e7a far\u00e1 com que qualquer cabe\u00e7a de cabelo fino pare\u00e7a mais espessa e volumosa. Ouse com estilo sem medo de ser feliz!<\/p>\n<p>Imagens: instagram @gilbertinhocabeleireiro<\/p>\n","protected":false},"excerpt":{"rendered":"<p>Por: Gilbertinho Cabeleireiro &nbsp; Muitas mulheres optam por penteados curtos durante o ver\u00e3o para vencer o calor, para fazer uma declara\u00e7\u00e3o ou porque o cabelo curto pode ser muito mais f\u00e1cil de manusear e pentear. E estamos totalmente de acordo! Um penteado curto pode ser p\u00e9ssimo se voc\u00ea tiver coragem de ir para ele. No [&hellip;]<\/p>\n","protected":false},"author":1,"featured_media":0,"comment_status":"open","ping_status":"open","sticky":false,"template":"","format":"standard","meta":{"ngg_post_thumbnail":0,"footnotes":""},"categories":[2,32,41],"tags":[],"class_list":["post-27777","post","type-post","status-publish","format-standard","hentry","category-destaques","category-estetica","category-ultimasnoticias"],"_links":{"self":[{"href":"https:\/\/somdepapo.com.br\/portal\/wp-json\/wp\/v2\/posts\/27777","targetHints":{"allow":["GET"]}}],"collection":[{"href":"https:\/\/somdepapo.com.br\/portal\/wp-json\/wp\/v2\/posts"}],"about":[{"href":"https:\/\/somdepapo.com.br\/portal\/wp-json\/wp\/v2\/types\/post"}],"author":[{"embeddable":true,"href":"https:\/\/somdepapo.com.br\/portal\/wp-json\/wp\/v2\/users\/1"}],"replies":[{"embeddable":true,"href":"https:\/\/somdepapo.com.br\/portal\/wp-json\/wp\/v2\/comments?post=27777"}],"version-history":[{"count":1,"href":"https:\/\/somdepapo.com.br\/portal\/wp-json\/wp\/v2\/posts\/27777\/revisions"}],"predecessor-version":[{"id":27780,"href":"https:\/\/somdepapo.com.br\/portal\/wp-json\/wp\/v2\/posts\/27777\/revisions\/27780"}],"wp:attachment":[{"href":"https:\/\/somdepapo.com.br\/portal\/wp-json\/wp\/v2\/media?parent=27777"}],"wp:term":[{"taxonomy":"category","embeddable":true,"href":"https:\/\/somdepapo.com.br\/portal\/wp-json\/wp\/v2\/categories?post=27777"},{"taxonomy":"post_tag","embeddable":true,"href":"https:\/\/somdepapo.com.br\/portal\/wp-json\/wp\/v2\/tags?post=27777"}],"curies":[{"name":"wp","href":"https:\/\/api.w.org\/{rel}","templated":true}]}}