{"id":27785,"date":"2021-10-08T17:00:08","date_gmt":"2021-10-08T20:00:08","guid":{"rendered":"https:\/\/somdepapo.com.br\/portal\/?p=27785"},"modified":"2021-10-08T05:06:21","modified_gmt":"2021-10-08T08:06:21","slug":"quais-os-cuidados-que-devo-ter-com-o-meu-pet","status":"publish","type":"post","link":"https:\/\/somdepapo.com.br\/portal\/quais-os-cuidados-que-devo-ter-com-o-meu-pet\/","title":{"rendered":"Quais os cuidados que devo ter com o meu pet?"},"content":{"rendered":"<p style=\"text-align: right;\"><strong>Por: Ana Karoline<\/strong><\/p>\n<p>&nbsp;<\/p>\n<p style=\"text-align: justify;\">Ol\u00e1 caros leitores.<\/p>\n<p style=\"text-align: justify;\">Na coluna Pet de hoje, o assunto \u00e9:<\/p>\n<p style=\"text-align: justify;\"><strong>Quais os cuidados que devo ter com o meu pet?<\/strong><\/p>\n<p style=\"text-align: justify;\">Adquirir um pet \u00e9 uma experi\u00eancia indescrit\u00edvel e um amor sem tamanho, mas quais cuidados eu devo ter quando eu adquiro um animal, seja ele um cachorro ou um gato?<\/p>\n<p style=\"text-align: justify;\">Primeiramente deve se procurar um atendimento veterin\u00e1rio para uma avalia\u00e7\u00e3o completa e iniciar o protocolo vacinal que tem fundamental import\u00e2ncia, pois previne os pets de doen\u00e7as infecciosas e virais.<\/p>\n<p style=\"text-align: justify;\">Nos c\u00e3es o calend\u00e1rio vacinal inicia a partir dos 45 dias de vida e j\u00e1 nos gatos inicia-se a partir dos 60 dias de vida.<\/p>\n<p style=\"text-align: justify;\">A<strong> alimenta\u00e7\u00e3o<\/strong> dos pets deve sempre ser da linhagem super premium ou premium, de prefer\u00eancia acostumar o pet a comer somente ra\u00e7\u00e3o e toda troca de ra\u00e7\u00e3o deve ser orientada por um veterin\u00e1rio. \u00c9 importante oferecer somente \u00e1gua limpa e filtrada. A higieniza\u00e7\u00e3o dos potes deve ser feita diariamente com sab\u00e3o neutro e \u00e1gua corrente.<\/p>\n<p style=\"text-align: justify;\">A<strong> vermifuga\u00e7\u00e3o<\/strong> \u00e9 administrada em filhotes mensalmente at\u00e9 completar 6 meses de vida e ap\u00f3s esse per\u00edodo \u00e9 feito um intervalo de 3 a 6 meses dependendo da rotina de passeios do pet.<\/p>\n<p style=\"text-align: justify;\">Os <strong>ectoparasitas<\/strong> (pulgas e carrapatos) devem ser administrados assim que o pet come\u00e7ar a passear na rua. Converse sempre com seu veterin\u00e1rio a respeito do melhor rem\u00e9dio de prote\u00e7\u00e3o a ser utilizado.<\/p>\n<p style=\"text-align: justify;\">Os<strong> banhos<\/strong> no petshop s\u00f3 devem iniciar ap\u00f3s o animal ter tomado a vacina contra raiva que \u00e9 aplicada a partir dos 4 meses de idade. Enquanto isso, esse cuidado deve ser realizado em casa com shampoo a seco ou len\u00e7o umedecido (sem \u00e1lcool). Os Cuidado com \u00e1rea dos olhos e limpeza dos ouvidos devem ser realizados pelo menos 1 a 2 vezes na semana e com produto indicado pelo veterin\u00e1rio. A Escova\u00e7\u00e3o dos pelos deve ser feita diariamente evitando que os pelos embolem e excepcionalmente para felinos evitando v\u00f4mitos com bolas de pelo. E a escova\u00e7\u00e3o dos dentes deve ocorrer conforme orienta\u00e7\u00e3o do m\u00e9dico veterin\u00e1rio.<\/p>\n<p style=\"text-align: justify;\">Os <strong>passeios<\/strong> n\u00e3o s\u00e3o recomendados antes da administra\u00e7\u00e3o da vacina antirr\u00e1bica, mas caso aconte\u00e7a o pet deve estar sempre no colo do tutor e n\u00e3o ter contato com outros animais desconhecidos.<\/p>\n<p style=\"text-align: justify;\">A <strong>limpeza da caixa de areia<\/strong> dos gatos deve ser feita diariamente utilizando uma pazinha pr\u00f3pria a qual permite separar a parte suja da areia limpa. Retirando as fezes e os torr\u00f5es formados pela urina, descartando no lixo e repondo mais areia. \u00c9 preciso trocar toda a areia pelo menos uma vez por semana. Lave bem a caixa com \u00e1gua e detergente neutro. Tente n\u00e3o usar produtos com cheiro mais forte, pois o gatinho pode n\u00e3o gostar.<\/p>\n<p style=\"text-align: justify;\">Ent\u00e3o esses foram alguns cuidados que se deve ter com os pets principalmente os filhotes. Aproveite e curta bastante o seu filho de 4 patas, cuide dele com muito amor e conte sempre comigo.<\/p>\n<p style=\"text-align: justify;\">Continuem atentos para mais dicas e informa\u00e7\u00f5es sobre o mundo dos pets.<\/p>\n<p style=\"text-align: justify;\">Beijos da M\u00e9dica veterin\u00e1ria Ana Karoline Carvalho<\/p>\n<p>Instagram: @anakaroline.vet<\/p>\n<p>&nbsp;<\/p>\n<p style=\"text-align: justify;\">Imagem: Pessoal com o meu cachorro CLARK de 1 ano e 3 meses.<\/p>\n<p style=\"text-align: justify;\">\n","protected":false},"excerpt":{"rendered":"<p>Por: Ana Karoline &nbsp; Ol\u00e1 caros leitores. Na coluna Pet de hoje, o assunto \u00e9: Quais os cuidados que devo ter com o meu pet? Adquirir um pet \u00e9 uma experi\u00eancia indescrit\u00edvel e um amor sem tamanho, mas quais cuidados eu devo ter quando eu adquiro um animal, seja ele um cachorro ou um gato? [&hellip;]<\/p>\n","protected":false},"author":1,"featured_media":0,"comment_status":"open","ping_status":"open","sticky":false,"template":"","format":"standard","meta":{"ngg_post_thumbnail":0,"footnotes":""},"categories":[2,153,41],"tags":[],"class_list":["post-27785","post","type-post","status-publish","format-standard","hentry","category-destaques","category-pet","category-ultimasnoticias"],"_links":{"self":[{"href":"https:\/\/somdepapo.com.br\/portal\/wp-json\/wp\/v2\/posts\/27785","targetHints":{"allow":["GET"]}}],"collection":[{"href":"https:\/\/somdepapo.com.br\/portal\/wp-json\/wp\/v2\/posts"}],"about":[{"href":"https:\/\/somdepapo.com.br\/portal\/wp-json\/wp\/v2\/types\/post"}],"author":[{"embeddable":true,"href":"https:\/\/somdepapo.com.br\/portal\/wp-json\/wp\/v2\/users\/1"}],"replies":[{"embeddable":true,"href":"https:\/\/somdepapo.com.br\/portal\/wp-json\/wp\/v2\/comments?post=27785"}],"version-history":[{"count":1,"href":"https:\/\/somdepapo.com.br\/portal\/wp-json\/wp\/v2\/posts\/27785\/revisions"}],"predecessor-version":[{"id":27786,"href":"https:\/\/somdepapo.com.br\/portal\/wp-json\/wp\/v2\/posts\/27785\/revisions\/27786"}],"wp:attachment":[{"href":"https:\/\/somdepapo.com.br\/portal\/wp-json\/wp\/v2\/media?parent=27785"}],"wp:term":[{"taxonomy":"category","embeddable":true,"href":"https:\/\/somdepapo.com.br\/portal\/wp-json\/wp\/v2\/categories?post=27785"},{"taxonomy":"post_tag","embeddable":true,"href":"https:\/\/somdepapo.com.br\/portal\/wp-json\/wp\/v2\/tags?post=27785"}],"curies":[{"name":"wp","href":"https:\/\/api.w.org\/{rel}","templated":true}]}}