{"id":27913,"date":"2021-10-18T14:00:09","date_gmt":"2021-10-18T17:00:09","guid":{"rendered":"https:\/\/somdepapo.com.br\/portal\/?p=27913"},"modified":"2021-10-14T10:53:55","modified_gmt":"2021-10-14T13:53:55","slug":"o-microagulhamento","status":"publish","type":"post","link":"https:\/\/somdepapo.com.br\/portal\/o-microagulhamento\/","title":{"rendered":"O\u00a0Microagulhamento"},"content":{"rendered":"<p style=\"text-align: right;\"><em>Por M\u00f4nica Alves<\/em><\/p>\n<p>&nbsp;<\/p>\n<p style=\"text-align: justify;\">\u00c9 um tratamento est\u00e9tico que serve para remover cicatrizes de acne, disfar\u00e7ar manchas, outras cicatrizes, rugas ou linhas de express\u00e3o da pele, atrav\u00e9s de uma estimula\u00e7\u00e3o natural feita com micro agulhas que penetram na derme favorecendo a forma\u00e7\u00e3o de novas fibras de col\u00e1geno, que d\u00e3o firmeza a pele.<\/p>\n<p style=\"text-align: justify;\">As principais indica\u00e7\u00f5es do\u00a0microagulhamento\u00a0s\u00e3o:<\/p>\n<p style=\"text-align: justify;\">Cicatrizes, especialmente as de acne, estrias, envelhecimento e flacidez, melasma, linha de express\u00e3o, produ\u00e7\u00e3o de col\u00e1geno e rejuvenescimento facial e drug delivery em geral.<\/p>\n<p style=\"text-align: justify;\">Quanto tempo o Microagulhamento faz efeito?<\/p>\n<p style=\"text-align: justify;\">Os resultados referentes \u00e0 ameniza\u00e7\u00e3o de manchas e mais vitalidade da pele podem ser observados entre 15 e 30 dias ap\u00f3s o tratamento. J\u00e1 a produ\u00e7\u00e3o de col\u00e1geno alcan\u00e7ar\u00e1 o pico em um per\u00edodo de tr\u00eas meses ap\u00f3s o procedimento, apresentando melhorias em rugas, cicatrizes e estrias<\/p>\n<p style=\"text-align: justify;\">Os efeitos negativos ou riscos provenientes do\u00a0<strong>microagulhamento<\/strong> s\u00e3o a dor; a reativa\u00e7\u00e3o do herpes simples; impetigo; dermatite de contato al\u00e9rgica ao material usado nas agulhas; exposi\u00e7\u00e3o ao sangramento; equipamento com agulhas de baixa qualidade ap\u00f3s o processo de rolagem resulta frequentemente em defeitos nas pontas<\/p>\n<p style=\"text-align: justify;\">Ter uma pele uniforme, hidratada.<\/p>\n","protected":false},"excerpt":{"rendered":"<p>Por M\u00f4nica Alves &nbsp; \u00c9 um tratamento est\u00e9tico que serve para remover cicatrizes de acne, disfar\u00e7ar manchas, outras cicatrizes, rugas ou linhas de express\u00e3o da pele, atrav\u00e9s de uma estimula\u00e7\u00e3o natural feita com micro agulhas que penetram na derme favorecendo a forma\u00e7\u00e3o de novas fibras de col\u00e1geno, que d\u00e3o firmeza a pele. As principais indica\u00e7\u00f5es [&hellip;]<\/p>\n","protected":false},"author":1,"featured_media":27914,"comment_status":"open","ping_status":"open","sticky":false,"template":"","format":"standard","meta":{"ngg_post_thumbnail":0,"footnotes":""},"categories":[2,32,41],"tags":[193],"class_list":["post-27913","post","type-post","status-publish","format-standard","has-post-thumbnail","hentry","category-destaques","category-estetica","category-ultimasnoticias","tag-estetica"],"_links":{"self":[{"href":"https:\/\/somdepapo.com.br\/portal\/wp-json\/wp\/v2\/posts\/27913","targetHints":{"allow":["GET"]}}],"collection":[{"href":"https:\/\/somdepapo.com.br\/portal\/wp-json\/wp\/v2\/posts"}],"about":[{"href":"https:\/\/somdepapo.com.br\/portal\/wp-json\/wp\/v2\/types\/post"}],"author":[{"embeddable":true,"href":"https:\/\/somdepapo.com.br\/portal\/wp-json\/wp\/v2\/users\/1"}],"replies":[{"embeddable":true,"href":"https:\/\/somdepapo.com.br\/portal\/wp-json\/wp\/v2\/comments?post=27913"}],"version-history":[{"count":1,"href":"https:\/\/somdepapo.com.br\/portal\/wp-json\/wp\/v2\/posts\/27913\/revisions"}],"predecessor-version":[{"id":27915,"href":"https:\/\/somdepapo.com.br\/portal\/wp-json\/wp\/v2\/posts\/27913\/revisions\/27915"}],"wp:featuredmedia":[{"embeddable":true,"href":"https:\/\/somdepapo.com.br\/portal\/wp-json\/wp\/v2\/media\/27914"}],"wp:attachment":[{"href":"https:\/\/somdepapo.com.br\/portal\/wp-json\/wp\/v2\/media?parent=27913"}],"wp:term":[{"taxonomy":"category","embeddable":true,"href":"https:\/\/somdepapo.com.br\/portal\/wp-json\/wp\/v2\/categories?post=27913"},{"taxonomy":"post_tag","embeddable":true,"href":"https:\/\/somdepapo.com.br\/portal\/wp-json\/wp\/v2\/tags?post=27913"}],"curies":[{"name":"wp","href":"https:\/\/api.w.org\/{rel}","templated":true}]}}