{"id":27922,"date":"2021-10-20T11:00:07","date_gmt":"2021-10-20T14:00:07","guid":{"rendered":"https:\/\/somdepapo.com.br\/portal\/?p=27922"},"modified":"2021-10-20T11:22:43","modified_gmt":"2021-10-20T14:22:43","slug":"a-intradermoterapia-pressurizada","status":"publish","type":"post","link":"https:\/\/somdepapo.com.br\/portal\/a-intradermoterapia-pressurizada\/","title":{"rendered":"A Intradermoterapia Pressurizada"},"content":{"rendered":"<p style=\"text-align: right;\"><em>Por M\u00f4nica Alves<\/em><\/p>\n<p>&nbsp;<\/p>\n<p style=\"text-align: justify;\">E procedimento minimamente invasivo, baseado na aplica\u00e7\u00e3o de enzimas diretamente no local a ser tratado, feita por um aparelho de inje\u00e7\u00e3o sem agulhas.<\/p>\n<p style=\"text-align: justify;\">\u00a0A t\u00e9cnica agora aplicada de forma moderna sem agulhas com uma caneta de press\u00e3o. Essa t\u00e9cnica de origem francesa ganhou fama por ajudar na lip\u00f3lise, combate \u00e0 celulite, indu\u00e7\u00e3o de col\u00e1geno e at\u00e9 rejuvenescimento.<\/p>\n<p style=\"text-align: justify;\">Como age a intradermoterapia<\/p>\n<p style=\"text-align: justify;\">O tratamento consiste na aplica\u00e7\u00e3o de ativos na camada mais profundas da pele. Al\u00e9m de dispensar as temidas agulhas, a Intradermoterapia Pressurizada oferece uma boa distribui\u00e7\u00e3o do ativo ao ser aplicado.<\/p>\n<p style=\"text-align: justify;\">O grande diferencial est\u00e1 nas diferentes composi\u00e7\u00f5es dos ativos, que devem ser prescritos pelo profissional, de acordo com o bi\u00f3tipo e necessidades de cada pessoa<\/p>\n<p style=\"text-align: justify;\">\u00c9 indicada para o tratamento da celulite, gordura localizada, estrias, flacidez, alopecia e desvitaliza\u00e7\u00e3o da pele da face, tanto em homens, quanto em mulheres.<\/p>\n<p style=\"text-align: justify;\">No corpo, promove a elimina\u00e7\u00e3o da gordura localizada, com redu\u00e7\u00e3o de medidas. Ainda recupera a tonicidade da pele e m\u00fasculos, favorecendo a sua remodela\u00e7\u00e3o. Por fim, a redu\u00e7\u00e3o da celulite e das estrias promove uma pele mais lisa e homog\u00eanea.<\/p>\n<p style=\"text-align: justify;\">No rosto, promove redu\u00e7\u00e3o da papada, pele hidratada e macia, de aspecto mais jovial.<\/p>\n<p style=\"text-align: justify;\">Os resultados podem ser vistos logo ap\u00f3s a primeira sess\u00e3o, por\u00e9m s\u00e3o progressivos \u00e0 medida que as sess\u00f5es s\u00e3o realizadas. O n\u00famero de sess\u00f5es varia de acordo com cada pessoa e queixa est\u00e9tica.<\/p>\n<p style=\"text-align: justify;\">A Intradermoterapia \u00e9 contraindicada aos pacientes card\u00edacos n\u00e3o controlados, com problemas hep\u00e1ticos, renais, disfun\u00e7\u00f5es da tireoide, e al\u00e9rgicos \u00e0s subst\u00e2ncias aplicadas.<\/p>\n<p style=\"text-align: justify;\">\n","protected":false},"excerpt":{"rendered":"<p>Por M\u00f4nica Alves &nbsp; E procedimento minimamente invasivo, baseado na aplica\u00e7\u00e3o de enzimas diretamente no local a ser tratado, feita por um aparelho de inje\u00e7\u00e3o sem agulhas. \u00a0A t\u00e9cnica agora aplicada de forma moderna sem agulhas com uma caneta de press\u00e3o. Essa t\u00e9cnica de origem francesa ganhou fama por ajudar na lip\u00f3lise, combate \u00e0 celulite, [&hellip;]<\/p>\n","protected":false},"author":1,"featured_media":27923,"comment_status":"open","ping_status":"open","sticky":false,"template":"","format":"standard","meta":{"ngg_post_thumbnail":0,"footnotes":""},"categories":[2,32,41],"tags":[193],"class_list":["post-27922","post","type-post","status-publish","format-standard","has-post-thumbnail","hentry","category-destaques","category-estetica","category-ultimasnoticias","tag-estetica"],"_links":{"self":[{"href":"https:\/\/somdepapo.com.br\/portal\/wp-json\/wp\/v2\/posts\/27922","targetHints":{"allow":["GET"]}}],"collection":[{"href":"https:\/\/somdepapo.com.br\/portal\/wp-json\/wp\/v2\/posts"}],"about":[{"href":"https:\/\/somdepapo.com.br\/portal\/wp-json\/wp\/v2\/types\/post"}],"author":[{"embeddable":true,"href":"https:\/\/somdepapo.com.br\/portal\/wp-json\/wp\/v2\/users\/1"}],"replies":[{"embeddable":true,"href":"https:\/\/somdepapo.com.br\/portal\/wp-json\/wp\/v2\/comments?post=27922"}],"version-history":[{"count":1,"href":"https:\/\/somdepapo.com.br\/portal\/wp-json\/wp\/v2\/posts\/27922\/revisions"}],"predecessor-version":[{"id":27924,"href":"https:\/\/somdepapo.com.br\/portal\/wp-json\/wp\/v2\/posts\/27922\/revisions\/27924"}],"wp:featuredmedia":[{"embeddable":true,"href":"https:\/\/somdepapo.com.br\/portal\/wp-json\/wp\/v2\/media\/27923"}],"wp:attachment":[{"href":"https:\/\/somdepapo.com.br\/portal\/wp-json\/wp\/v2\/media?parent=27922"}],"wp:term":[{"taxonomy":"category","embeddable":true,"href":"https:\/\/somdepapo.com.br\/portal\/wp-json\/wp\/v2\/categories?post=27922"},{"taxonomy":"post_tag","embeddable":true,"href":"https:\/\/somdepapo.com.br\/portal\/wp-json\/wp\/v2\/tags?post=27922"}],"curies":[{"name":"wp","href":"https:\/\/api.w.org\/{rel}","templated":true}]}}