{"id":27982,"date":"2021-11-13T17:00:48","date_gmt":"2021-11-13T20:00:48","guid":{"rendered":"https:\/\/somdepapo.com.br\/portal\/?p=27982"},"modified":"2021-11-02T10:08:49","modified_gmt":"2021-11-02T13:08:49","slug":"o-peeling-quimico","status":"publish","type":"post","link":"https:\/\/somdepapo.com.br\/portal\/o-peeling-quimico\/","title":{"rendered":"O\u00a0peeling qu\u00edmico\u00a0"},"content":{"rendered":"<p style=\"text-align: right;\"><em>Por M\u00f4nica Alves<\/em><\/p>\n<p>&nbsp;<\/p>\n<p style=\"text-align: justify;\">\u00c9 um tratamento est\u00e9tico que \u00e9 feito com a aplica\u00e7\u00e3o de \u00e1cidos sobre a pele para retirar as camadas danificadas e promover o crescimento de uma camada lisa, podendo ser feito para eliminar manchas e linhas de express\u00e3o,<\/p>\n<p style=\"text-align: justify;\">Processo consiste em aplicar agentes qu\u00edmicos que destroem as camadas mais superficiais da c\u00fatis. Para que, ent\u00e3o, ela se regenere e resulte em uma apar\u00eancia mais uniforme e saud\u00e1vel.<\/p>\n<p style=\"text-align: justify;\">O termo \u201cpeeling\u201d pode ser traduzido como \u201cdescama\u00e7\u00e3o<\/p>\n<p style=\"text-align: justify;\">O cliente deve evite exposi\u00e7\u00e3o solar nos primeiros\u00a0dias\u00a0p\u00f3s-peeling\u00a0e haver\u00e1 uma\u00a0descama\u00e7\u00e3o\u00a0que pode durar de 4 \u00e0 8\u00a0dias, fazendo uma renova\u00e7\u00e3o naquela pele com um efeito bem duradouro e \u00e0s vezes definitivo!<\/p>\n<p style=\"text-align: justify;\">N\u00e3o puxe as\u00a0casquinhas\u00a0ou esfregue a pele durante o processo de descama\u00e7\u00e3o. Isso\u00a0pode\u00a0retardar a cicatriza\u00e7\u00e3o, causar manchas ou deixar cicatrizes no rosto. \u2013<\/p>\n<p style=\"text-align: justify;\">\u00c9 contraindicado00 o uso de cremes \u00e0 base de \u00c1cido Retin\u00f3ico, \u00c1cido Glic\u00f3lico ou \u00c1cido Salic\u00edlico, pois estes podem irritar a pele.<\/p>\n<p style=\"text-align: justify;\">Usar filtro solar e hidrante facial<\/p>\n<p>&nbsp;<\/p>\n","protected":false},"excerpt":{"rendered":"<p>Por M\u00f4nica Alves &nbsp; \u00c9 um tratamento est\u00e9tico que \u00e9 feito com a aplica\u00e7\u00e3o de \u00e1cidos sobre a pele para retirar as camadas danificadas e promover o crescimento de uma camada lisa, podendo ser feito para eliminar manchas e linhas de express\u00e3o, Processo consiste em aplicar agentes qu\u00edmicos que destroem as camadas mais superficiais da [&hellip;]<\/p>\n","protected":false},"author":1,"featured_media":0,"comment_status":"open","ping_status":"open","sticky":false,"template":"","format":"standard","meta":{"ngg_post_thumbnail":0,"footnotes":""},"categories":[2,32,41],"tags":[193],"class_list":["post-27982","post","type-post","status-publish","format-standard","hentry","category-destaques","category-estetica","category-ultimasnoticias","tag-estetica"],"_links":{"self":[{"href":"https:\/\/somdepapo.com.br\/portal\/wp-json\/wp\/v2\/posts\/27982","targetHints":{"allow":["GET"]}}],"collection":[{"href":"https:\/\/somdepapo.com.br\/portal\/wp-json\/wp\/v2\/posts"}],"about":[{"href":"https:\/\/somdepapo.com.br\/portal\/wp-json\/wp\/v2\/types\/post"}],"author":[{"embeddable":true,"href":"https:\/\/somdepapo.com.br\/portal\/wp-json\/wp\/v2\/users\/1"}],"replies":[{"embeddable":true,"href":"https:\/\/somdepapo.com.br\/portal\/wp-json\/wp\/v2\/comments?post=27982"}],"version-history":[{"count":1,"href":"https:\/\/somdepapo.com.br\/portal\/wp-json\/wp\/v2\/posts\/27982\/revisions"}],"predecessor-version":[{"id":27984,"href":"https:\/\/somdepapo.com.br\/portal\/wp-json\/wp\/v2\/posts\/27982\/revisions\/27984"}],"wp:attachment":[{"href":"https:\/\/somdepapo.com.br\/portal\/wp-json\/wp\/v2\/media?parent=27982"}],"wp:term":[{"taxonomy":"category","embeddable":true,"href":"https:\/\/somdepapo.com.br\/portal\/wp-json\/wp\/v2\/categories?post=27982"},{"taxonomy":"post_tag","embeddable":true,"href":"https:\/\/somdepapo.com.br\/portal\/wp-json\/wp\/v2\/tags?post=27982"}],"curies":[{"name":"wp","href":"https:\/\/api.w.org\/{rel}","templated":true}]}}