{"id":28489,"date":"2021-11-11T17:00:05","date_gmt":"2021-11-11T20:00:05","guid":{"rendered":"https:\/\/somdepapo.com.br\/portal\/?p=28489"},"modified":"2021-11-23T20:44:32","modified_gmt":"2021-11-23T23:44:32","slug":"proteger-o-cabelo-pos-mechas-e-preciso-cuidar-dos-fios-para-que-eles-fiquem-sempre-saudaveis","status":"publish","type":"post","link":"https:\/\/somdepapo.com.br\/portal\/proteger-o-cabelo-pos-mechas-e-preciso-cuidar-dos-fios-para-que-eles-fiquem-sempre-saudaveis\/","title":{"rendered":"Proteger o cabelo p\u00f3s mechas! \u00c9 preciso cuidar dos fios para que eles fiquem sempre saud\u00e1veis!\u00a0"},"content":{"rendered":"<p dir=\"ltr\" style=\"text-align: right;\"><em>Por Gilbertinho Cabelereiro<\/em><\/p>\n<p dir=\"ltr\">\n<p dir=\"ltr\" style=\"text-align: justify;\">Primeiro passo para cuidar dos cabelos com mechas loiras ou morena iluminada no dia a dia \u00e9 escolher os produtos certos. A dica \u00e9 buscar por op\u00e7\u00f5es pr\u00f3prias para o tratamento capilares, j\u00e1 que costumam contar com um aporte maior de nutrientes e outros ingredientes espec\u00edficos que recuperam os fios depois da descolora\u00e7\u00e3o.<\/p>\n<p dir=\"ltr\" style=\"text-align: justify;\">O xampu voltado para cabelos com mechas proporciona uma limpeza delicada sem acelerar o desbotamento da cor ou causar ressecamento. Enquanto isso, o condicionador oferece hidrata\u00e7\u00e3o leve perfeita para uso di\u00e1rio, ajudando a selar as cut\u00edculas e combater o ressecamento caracter\u00edstico das mechas!<\/p>\n<p dir=\"ltr\" style=\"text-align: justify;\">Toda colora\u00e7\u00e3o exige um cuidado especial para se manter saud\u00e1vel, uniforme e bonita por tempo prolongado. No caso dos cabelos com mechas, n\u00e3o poderia ser diferente! Mesmo que a descolora\u00e7\u00e3o seja feita em apenas alguns fios para clarear e iluminar o visual, ela ainda pode causar alguns danos t\u00edpicos da qu\u00edmica. Para evitar que isso aconte\u00e7a e preservar a reconstru\u00e7\u00e3o dos fios, a dica \u00e9 mudar alguns h\u00e1bitos do dia a dia.<\/p>\n<p style=\"text-align: justify;\">Esse tipo de cuidado \u00e9 ainda mais importante se voc\u00ea fizer luzes nas pontas do cabelo, como \u00e9 o caso do\u00a0ombr\u00e9 hair\u00a0e das mechas californianas. Por isso, vale a pena montar uma rotina personalizada para garantir que as mechas loiras permane\u00e7am brilhantes.<\/p>\n","protected":false},"excerpt":{"rendered":"<p>Por Gilbertinho Cabelereiro Primeiro passo para cuidar dos cabelos com mechas loiras ou morena iluminada no dia a dia \u00e9 escolher os produtos certos. A dica \u00e9 buscar por op\u00e7\u00f5es pr\u00f3prias para o tratamento capilares, j\u00e1 que costumam contar com um aporte maior de nutrientes e outros ingredientes espec\u00edficos que recuperam os fios depois da [&hellip;]<\/p>\n","protected":false},"author":1,"featured_media":28490,"comment_status":"open","ping_status":"open","sticky":false,"template":"","format":"standard","meta":{"ngg_post_thumbnail":0,"footnotes":""},"categories":[2,32,41],"tags":[193],"class_list":["post-28489","post","type-post","status-publish","format-standard","has-post-thumbnail","hentry","category-destaques","category-estetica","category-ultimasnoticias","tag-estetica"],"_links":{"self":[{"href":"https:\/\/somdepapo.com.br\/portal\/wp-json\/wp\/v2\/posts\/28489","targetHints":{"allow":["GET"]}}],"collection":[{"href":"https:\/\/somdepapo.com.br\/portal\/wp-json\/wp\/v2\/posts"}],"about":[{"href":"https:\/\/somdepapo.com.br\/portal\/wp-json\/wp\/v2\/types\/post"}],"author":[{"embeddable":true,"href":"https:\/\/somdepapo.com.br\/portal\/wp-json\/wp\/v2\/users\/1"}],"replies":[{"embeddable":true,"href":"https:\/\/somdepapo.com.br\/portal\/wp-json\/wp\/v2\/comments?post=28489"}],"version-history":[{"count":1,"href":"https:\/\/somdepapo.com.br\/portal\/wp-json\/wp\/v2\/posts\/28489\/revisions"}],"predecessor-version":[{"id":28491,"href":"https:\/\/somdepapo.com.br\/portal\/wp-json\/wp\/v2\/posts\/28489\/revisions\/28491"}],"wp:featuredmedia":[{"embeddable":true,"href":"https:\/\/somdepapo.com.br\/portal\/wp-json\/wp\/v2\/media\/28490"}],"wp:attachment":[{"href":"https:\/\/somdepapo.com.br\/portal\/wp-json\/wp\/v2\/media?parent=28489"}],"wp:term":[{"taxonomy":"category","embeddable":true,"href":"https:\/\/somdepapo.com.br\/portal\/wp-json\/wp\/v2\/categories?post=28489"},{"taxonomy":"post_tag","embeddable":true,"href":"https:\/\/somdepapo.com.br\/portal\/wp-json\/wp\/v2\/tags?post=28489"}],"curies":[{"name":"wp","href":"https:\/\/api.w.org\/{rel}","templated":true}]}}