{"id":28547,"date":"2021-12-15T15:00:45","date_gmt":"2021-12-15T18:00:45","guid":{"rendered":"https:\/\/somdepapo.com.br\/portal\/?p=28547"},"modified":"2021-11-26T20:33:57","modified_gmt":"2021-11-26T23:33:57","slug":"ventosa-terapia","status":"publish","type":"post","link":"https:\/\/somdepapo.com.br\/portal\/ventosa-terapia\/","title":{"rendered":"Ventosa terapia"},"content":{"rendered":"<p style=\"text-align: right;\"><em>Por M\u00f4nica Alves<\/em><\/p>\n<p style=\"text-align: justify;\">\nO tratamento com ventosas pode ser indicado para eliminar a dor nas costas causada por tens\u00e3o muscular ou contraturas, incha\u00e7o nos bra\u00e7os, pernas ou p\u00e9s, dor nas articula\u00e7\u00f5es, sendo tamb\u00e9m um bom complemento no tratamento da celulite<br \/>\nPrincipais benef\u00edcios<br \/>\nE os efeitos colaterais do uso da ventosa est\u00e3o especialmente relacionados ao aparecimento de hematomas, incha\u00e7o e, em alguns casos, at\u00e9 mesmo bolhas. Essas s\u00e3o rea\u00e7\u00f5es normais ao tratamento, e devem desaparecer automaticamente dentro de 2 a 5 dias.<br \/>\nA ventosa funciona<br \/>\nQuando os tecidos s\u00e3o liberados pelo v\u00e1cuo, assim o sangue passa a ser mais oxigenado e os tecidos s\u00e3o nutridos pelo O2. Esse mecanismo \u00e9 o que explica o al\u00edvio da tens\u00e3o muscular, da fadiga e das dores no paciente.<br \/>\nPrincipais benef\u00edcios<br \/>\n\u2022 Aumento da circula\u00e7\u00e3o sangu\u00ednea local;<br \/>\n\u2022 Elimina\u00e7\u00e3o de contraturas musculares e pontos gatilho;<br \/>\n\u2022 Fortalece os vasos sangu\u00edneos;<br \/>\n\u2022 Aumentar a produ\u00e7\u00e3o de l\u00edquido sinovial dentro das articula\u00e7\u00f5es;<br \/>\n\u2022 Relaxar e acalmar o corpo e a mente.<\/p>\n","protected":false},"excerpt":{"rendered":"<p>Por M\u00f4nica Alves O tratamento com ventosas pode ser indicado para eliminar a dor nas costas causada por tens\u00e3o muscular ou contraturas, incha\u00e7o nos bra\u00e7os, pernas ou p\u00e9s, dor nas articula\u00e7\u00f5es, sendo tamb\u00e9m um bom complemento no tratamento da celulite Principais benef\u00edcios E os efeitos colaterais do uso da ventosa est\u00e3o especialmente relacionados ao aparecimento [&hellip;]<\/p>\n","protected":false},"author":1,"featured_media":28548,"comment_status":"open","ping_status":"open","sticky":false,"template":"","format":"standard","meta":{"ngg_post_thumbnail":0,"footnotes":""},"categories":[2,32,41],"tags":[193],"class_list":["post-28547","post","type-post","status-publish","format-standard","has-post-thumbnail","hentry","category-destaques","category-estetica","category-ultimasnoticias","tag-estetica"],"_links":{"self":[{"href":"https:\/\/somdepapo.com.br\/portal\/wp-json\/wp\/v2\/posts\/28547","targetHints":{"allow":["GET"]}}],"collection":[{"href":"https:\/\/somdepapo.com.br\/portal\/wp-json\/wp\/v2\/posts"}],"about":[{"href":"https:\/\/somdepapo.com.br\/portal\/wp-json\/wp\/v2\/types\/post"}],"author":[{"embeddable":true,"href":"https:\/\/somdepapo.com.br\/portal\/wp-json\/wp\/v2\/users\/1"}],"replies":[{"embeddable":true,"href":"https:\/\/somdepapo.com.br\/portal\/wp-json\/wp\/v2\/comments?post=28547"}],"version-history":[{"count":1,"href":"https:\/\/somdepapo.com.br\/portal\/wp-json\/wp\/v2\/posts\/28547\/revisions"}],"predecessor-version":[{"id":28549,"href":"https:\/\/somdepapo.com.br\/portal\/wp-json\/wp\/v2\/posts\/28547\/revisions\/28549"}],"wp:featuredmedia":[{"embeddable":true,"href":"https:\/\/somdepapo.com.br\/portal\/wp-json\/wp\/v2\/media\/28548"}],"wp:attachment":[{"href":"https:\/\/somdepapo.com.br\/portal\/wp-json\/wp\/v2\/media?parent=28547"}],"wp:term":[{"taxonomy":"category","embeddable":true,"href":"https:\/\/somdepapo.com.br\/portal\/wp-json\/wp\/v2\/categories?post=28547"},{"taxonomy":"post_tag","embeddable":true,"href":"https:\/\/somdepapo.com.br\/portal\/wp-json\/wp\/v2\/tags?post=28547"}],"curies":[{"name":"wp","href":"https:\/\/api.w.org\/{rel}","templated":true}]}}