{"id":28581,"date":"2021-12-17T09:00:43","date_gmt":"2021-12-17T12:00:43","guid":{"rendered":"https:\/\/somdepapo.com.br\/portal\/?p=28581"},"modified":"2021-11-27T20:24:22","modified_gmt":"2021-11-27T23:24:22","slug":"os-cuidados-com-os-pets-na-praia-na-noite-de-ano-novo","status":"publish","type":"post","link":"https:\/\/somdepapo.com.br\/portal\/os-cuidados-com-os-pets-na-praia-na-noite-de-ano-novo\/","title":{"rendered":"Os cuidados com os pets na praia na noite de ano novo\u00a0"},"content":{"rendered":"<p style=\"text-align: right;\"><em>Por Ana Karoline Carvalho<\/em><\/p>\n<p>&nbsp;<\/p>\n<p style=\"text-align: justify;\">Uma das principais caracter\u00edsticas da noite de r\u00e9veillon \u00e9 queima de fogos e roj\u00f5es para comemorar a chegada do novo ano, mas o barulho, que parece ser inofensivo aos humanos, deixa muitos cachorros assustados, pelo fato de que eles possuem audi\u00e7\u00e3o mais desenvolvida.<\/p>\n<p style=\"text-align: justify;\">Se for levar o seu pet para passar a virada do ano na praia precisa de muitos cuidados, principalmente com os restos de alimentos, lixos e outros objetos espalhados na areia.<\/p>\n<p style=\"text-align: justify;\">Procure um veterin\u00e1rio para que ele possa prescrever medica\u00e7\u00f5es naturais que auxiliam a manter os animais mais calmos. Recomendo tamb\u00e9m manter o animal o tempo todo com coleira de identifica\u00e7\u00e3o contendo o nome do animal, seu nome e telefone para contato.<\/p>\n<p style=\"text-align: justify;\">Ou se preferir deixar o animal em casa, em um ambiente mais confort\u00e1vel e seguro, sem acesso \u00e0 rua, por exemplo, porque eles podem fugir e ficar desnorteados e acabar sendo atropelados. Evite deixar o animal perto de janelas abertas, piscinas e port\u00f5es. Prefira abrigar o pet em local fechado e silencioso (por exemplo: um quarto). Isso pode ajud\u00e1-lo a se sentir mais protegido. Alguns animais preferem buscar prote\u00e7\u00e3o se escondendo embaixo de m\u00f3veis. Deixe o pet se ajeitar da melhor maneira para ele. N\u00e3o force situa\u00e7\u00f5es desconfort\u00e1veis.<\/p>\n<p style=\"text-align: justify;\">\n<p style=\"text-align: justify;\">Foto:<\/p>\n<p style=\"text-align: justify;\"><a href=\"about:blank\">https:\/\/www.metropoles.com\/colunas\/e-o-bicho\/national-geographic-exibira-programacao-para-os-pets-no-ano-novo<\/a><\/p>\n<p style=\"text-align: justify;\">Instagram: @Anakaroline.vet<\/p>\n","protected":false},"excerpt":{"rendered":"<p>Por Ana Karoline Carvalho &nbsp; Uma das principais caracter\u00edsticas da noite de r\u00e9veillon \u00e9 queima de fogos e roj\u00f5es para comemorar a chegada do novo ano, mas o barulho, que parece ser inofensivo aos humanos, deixa muitos cachorros assustados, pelo fato de que eles possuem audi\u00e7\u00e3o mais desenvolvida. Se for levar o seu pet para [&hellip;]<\/p>\n","protected":false},"author":1,"featured_media":28582,"comment_status":"open","ping_status":"open","sticky":false,"template":"","format":"standard","meta":{"ngg_post_thumbnail":0,"footnotes":""},"categories":[2,153,41],"tags":[207],"class_list":["post-28581","post","type-post","status-publish","format-standard","has-post-thumbnail","hentry","category-destaques","category-pet","category-ultimasnoticias","tag-pet"],"_links":{"self":[{"href":"https:\/\/somdepapo.com.br\/portal\/wp-json\/wp\/v2\/posts\/28581","targetHints":{"allow":["GET"]}}],"collection":[{"href":"https:\/\/somdepapo.com.br\/portal\/wp-json\/wp\/v2\/posts"}],"about":[{"href":"https:\/\/somdepapo.com.br\/portal\/wp-json\/wp\/v2\/types\/post"}],"author":[{"embeddable":true,"href":"https:\/\/somdepapo.com.br\/portal\/wp-json\/wp\/v2\/users\/1"}],"replies":[{"embeddable":true,"href":"https:\/\/somdepapo.com.br\/portal\/wp-json\/wp\/v2\/comments?post=28581"}],"version-history":[{"count":1,"href":"https:\/\/somdepapo.com.br\/portal\/wp-json\/wp\/v2\/posts\/28581\/revisions"}],"predecessor-version":[{"id":28583,"href":"https:\/\/somdepapo.com.br\/portal\/wp-json\/wp\/v2\/posts\/28581\/revisions\/28583"}],"wp:featuredmedia":[{"embeddable":true,"href":"https:\/\/somdepapo.com.br\/portal\/wp-json\/wp\/v2\/media\/28582"}],"wp:attachment":[{"href":"https:\/\/somdepapo.com.br\/portal\/wp-json\/wp\/v2\/media?parent=28581"}],"wp:term":[{"taxonomy":"category","embeddable":true,"href":"https:\/\/somdepapo.com.br\/portal\/wp-json\/wp\/v2\/categories?post=28581"},{"taxonomy":"post_tag","embeddable":true,"href":"https:\/\/somdepapo.com.br\/portal\/wp-json\/wp\/v2\/tags?post=28581"}],"curies":[{"name":"wp","href":"https:\/\/api.w.org\/{rel}","templated":true}]}}