{"id":28584,"date":"2021-12-21T15:00:37","date_gmt":"2021-12-21T18:00:37","guid":{"rendered":"https:\/\/somdepapo.com.br\/portal\/?p=28584"},"modified":"2021-11-27T20:43:09","modified_gmt":"2021-11-27T23:43:09","slug":"cilios-fio-a-fio-volume-brasileiro","status":"publish","type":"post","link":"https:\/\/somdepapo.com.br\/portal\/cilios-fio-a-fio-volume-brasileiro\/","title":{"rendered":"C\u00edlios fio a fio volume brasileiro"},"content":{"rendered":"<p style=\"text-align: right;\"><em>Por M\u00f4nica Alves<\/em><\/p>\n<p style=\"text-align: justify;\">\nO alongamento de c\u00edlios \u00e9 um procedimento est\u00e9tico que visa a aumentar o volume de fios, sem a necessidade de utilizar maquiagem (ou c\u00edlios posti\u00e7os). Ele proporciona, tamb\u00e9m, o preenchimento de falhas e \u00e9 vendido como uma maneira de intensificar o olhar<br \/>\nQual alongamento de c\u00edlios \u00e9 mais natural<\/p>\n<p>A t\u00e9cnica cl\u00e1ssica, que tamb\u00e9m \u00e9 conhecida como fio a fio, \u00e9 a que d\u00e1 o resultado mais natural. Isso porque \u00e9 adicionado apenas um fio sint\u00e9tico a cada fio natural. Para quem est\u00e1 buscando um pouco mais de volume, a op\u00e7\u00e3o pode ser o volume russo. S\u00e3o aplicados de 3 a 7 fios sint\u00e9ticos em cada fio natural.<\/p>\n<p>O procedimento \u00e9 simples, os c\u00edlios s\u00e3o higienizados e preparados para receber um fio sint\u00e9tico. Os fios s\u00e3o acoplados e colados usando um adesivo de alta durabilidade. Os fios devem ser colados somente no pelo, evitando o contato com a pele<br \/>\nQuanto tempo dura o efeito? Em torno de 30 a 40 dias. Uma pessoa normal perde cerca de tr\u00eas a cinco c\u00edlios por dia, naturalmente.<br \/>\nHoje 90% das mulheres procuram est\u00e1 com um olhar marcante.<\/p>\n","protected":false},"excerpt":{"rendered":"<p>Por M\u00f4nica Alves O alongamento de c\u00edlios \u00e9 um procedimento est\u00e9tico que visa a aumentar o volume de fios, sem a necessidade de utilizar maquiagem (ou c\u00edlios posti\u00e7os). Ele proporciona, tamb\u00e9m, o preenchimento de falhas e \u00e9 vendido como uma maneira de intensificar o olhar Qual alongamento de c\u00edlios \u00e9 mais natural A t\u00e9cnica cl\u00e1ssica, [&hellip;]<\/p>\n","protected":false},"author":1,"featured_media":28585,"comment_status":"open","ping_status":"open","sticky":false,"template":"","format":"standard","meta":{"ngg_post_thumbnail":0,"footnotes":""},"categories":[2,32,41],"tags":[193],"class_list":["post-28584","post","type-post","status-publish","format-standard","has-post-thumbnail","hentry","category-destaques","category-estetica","category-ultimasnoticias","tag-estetica"],"_links":{"self":[{"href":"https:\/\/somdepapo.com.br\/portal\/wp-json\/wp\/v2\/posts\/28584","targetHints":{"allow":["GET"]}}],"collection":[{"href":"https:\/\/somdepapo.com.br\/portal\/wp-json\/wp\/v2\/posts"}],"about":[{"href":"https:\/\/somdepapo.com.br\/portal\/wp-json\/wp\/v2\/types\/post"}],"author":[{"embeddable":true,"href":"https:\/\/somdepapo.com.br\/portal\/wp-json\/wp\/v2\/users\/1"}],"replies":[{"embeddable":true,"href":"https:\/\/somdepapo.com.br\/portal\/wp-json\/wp\/v2\/comments?post=28584"}],"version-history":[{"count":1,"href":"https:\/\/somdepapo.com.br\/portal\/wp-json\/wp\/v2\/posts\/28584\/revisions"}],"predecessor-version":[{"id":28586,"href":"https:\/\/somdepapo.com.br\/portal\/wp-json\/wp\/v2\/posts\/28584\/revisions\/28586"}],"wp:featuredmedia":[{"embeddable":true,"href":"https:\/\/somdepapo.com.br\/portal\/wp-json\/wp\/v2\/media\/28585"}],"wp:attachment":[{"href":"https:\/\/somdepapo.com.br\/portal\/wp-json\/wp\/v2\/media?parent=28584"}],"wp:term":[{"taxonomy":"category","embeddable":true,"href":"https:\/\/somdepapo.com.br\/portal\/wp-json\/wp\/v2\/categories?post=28584"},{"taxonomy":"post_tag","embeddable":true,"href":"https:\/\/somdepapo.com.br\/portal\/wp-json\/wp\/v2\/tags?post=28584"}],"curies":[{"name":"wp","href":"https:\/\/api.w.org\/{rel}","templated":true}]}}