{"id":28587,"date":"2021-01-11T15:00:57","date_gmt":"2021-01-11T18:00:57","guid":{"rendered":"https:\/\/somdepapo.com.br\/portal\/?p=28587"},"modified":"2021-12-23T11:08:49","modified_gmt":"2021-12-23T14:08:49","slug":"massagem-modeladora","status":"publish","type":"post","link":"https:\/\/somdepapo.com.br\/portal\/massagem-modeladora\/","title":{"rendered":"Massagem modeladora"},"content":{"rendered":"<p style=\"text-align: right;\"><em>Por M\u00f4nica Alves<\/em><\/p>\n<p>&nbsp;<\/p>\n<p style=\"text-align: justify;\">A massagem modeladora \u00e9 aplicada sobre os tecidos moles do corpo a partir de movimentos vigorosos que resultam na elimina\u00e7\u00e3o de toxinas pelos g\u00e2nglios linf\u00e1ticos, melhora na circula\u00e7\u00e3o sangu\u00ednea, redu\u00e7\u00e3o de gordura atrav\u00e9s da aplica\u00e7\u00e3o de cremes espec\u00edficos, e redu\u00e7\u00e3o de medidas atrav\u00e9s de aparelhos. As cl\u00ednicas especializadas na t\u00e9cnica costumam recomendar at\u00e9 duas sess\u00f5es semanais por pessoa.<br \/>\nSeus efeitos ben\u00e9ficos n\u00e3o s\u00e3o somente est\u00e9ticos, esta massagem tamb\u00e9m \u00e9 capaz de promover relaxamento e bem-estar, aliviando a tens\u00e3o muscular e o estresse.<br \/>\nQue tamb\u00e9m \u00e9 indicada para estimular a circula\u00e7\u00e3o e amenizar a celulite, ainda atua na firmeza corporal e tonifica a musculatura, melhorando rapidamente a apar\u00eancia da pele. O procedimento \u00e9 realizado em \u00e1reas com grande ac\u00famulo de gordura, como coxas, bra\u00e7os, abd\u00f4men, quadril e culote.<\/p>\n","protected":false},"excerpt":{"rendered":"<p>Por M\u00f4nica Alves &nbsp; A massagem modeladora \u00e9 aplicada sobre os tecidos moles do corpo a partir de movimentos vigorosos que resultam na elimina\u00e7\u00e3o de toxinas pelos g\u00e2nglios linf\u00e1ticos, melhora na circula\u00e7\u00e3o sangu\u00ednea, redu\u00e7\u00e3o de gordura atrav\u00e9s da aplica\u00e7\u00e3o de cremes espec\u00edficos, e redu\u00e7\u00e3o de medidas atrav\u00e9s de aparelhos. As cl\u00ednicas especializadas na t\u00e9cnica costumam [&hellip;]<\/p>\n","protected":false},"author":1,"featured_media":28588,"comment_status":"open","ping_status":"open","sticky":false,"template":"","format":"standard","meta":{"ngg_post_thumbnail":0,"footnotes":""},"categories":[2,32,41],"tags":[193],"class_list":["post-28587","post","type-post","status-publish","format-standard","has-post-thumbnail","hentry","category-destaques","category-estetica","category-ultimasnoticias","tag-estetica"],"_links":{"self":[{"href":"https:\/\/somdepapo.com.br\/portal\/wp-json\/wp\/v2\/posts\/28587","targetHints":{"allow":["GET"]}}],"collection":[{"href":"https:\/\/somdepapo.com.br\/portal\/wp-json\/wp\/v2\/posts"}],"about":[{"href":"https:\/\/somdepapo.com.br\/portal\/wp-json\/wp\/v2\/types\/post"}],"author":[{"embeddable":true,"href":"https:\/\/somdepapo.com.br\/portal\/wp-json\/wp\/v2\/users\/1"}],"replies":[{"embeddable":true,"href":"https:\/\/somdepapo.com.br\/portal\/wp-json\/wp\/v2\/comments?post=28587"}],"version-history":[{"count":3,"href":"https:\/\/somdepapo.com.br\/portal\/wp-json\/wp\/v2\/posts\/28587\/revisions"}],"predecessor-version":[{"id":28652,"href":"https:\/\/somdepapo.com.br\/portal\/wp-json\/wp\/v2\/posts\/28587\/revisions\/28652"}],"wp:featuredmedia":[{"embeddable":true,"href":"https:\/\/somdepapo.com.br\/portal\/wp-json\/wp\/v2\/media\/28588"}],"wp:attachment":[{"href":"https:\/\/somdepapo.com.br\/portal\/wp-json\/wp\/v2\/media?parent=28587"}],"wp:term":[{"taxonomy":"category","embeddable":true,"href":"https:\/\/somdepapo.com.br\/portal\/wp-json\/wp\/v2\/categories?post=28587"},{"taxonomy":"post_tag","embeddable":true,"href":"https:\/\/somdepapo.com.br\/portal\/wp-json\/wp\/v2\/tags?post=28587"}],"curies":[{"name":"wp","href":"https:\/\/api.w.org\/{rel}","templated":true}]}}