{"id":28615,"date":"2021-12-22T09:00:11","date_gmt":"2021-12-22T12:00:11","guid":{"rendered":"https:\/\/somdepapo.com.br\/portal\/?p=28615"},"modified":"2021-11-30T17:28:25","modified_gmt":"2021-11-30T20:28:25","slug":"penteados-com-trancas","status":"publish","type":"post","link":"https:\/\/somdepapo.com.br\/portal\/penteados-com-trancas\/","title":{"rendered":"Penteados com tran\u00e7as"},"content":{"rendered":"<div dir=\"auto\"><\/div>\n<div dir=\"auto\" style=\"text-align: right;\"><em>Por Gilbertinho Cabeleireiro0<\/em><\/div>\n<div dir=\"auto\" style=\"text-align: right;\"><\/div>\n<div dir=\"auto\" style=\"text-align: right;\">@gilbertinhocabeleireiro<\/div>\n<p>&nbsp;<\/p>\n<p>Como muitas mulheres usam cabelo solto nada melhor do que se jogar nos penteados<strong>\u00a0para ano novo 2022 solto<\/strong>. Contudo, voc\u00ea pode incrementar o visual com presilhas, tiaras ou acess\u00f3rios na cabe\u00e7a para evidenciar o Penteado.<\/p>\n<div dir=\"auto\"><\/div>\n<div dir=\"auto\">Muitas das vezes o menos se torna mais. Ent\u00e3o, dessa forma d\u00ea prefer\u00eancia aos modelos b\u00e1sicos e simples que traga leveza e sofistica\u00e7\u00e3o ao look. O coque \u00e9 um penteado cl\u00e1ssico, sofisticado e super pr\u00e1tico, assim voc\u00ea pode optar por modelos despojados que combine com sua personalidade e seu visagismo, refletindo ao perfil de cada rosto, al\u00e9m dos acess\u00f3rios os quais enriquecem o penteado, desse modo vale apena investir e ficar glamourosa na virada.<\/div>\n<div dir=\"auto\"><\/div>\n<div dir=\"auto\">Os\u00a0<b>penteados com tran\u00e7as<\/b>\u00a0s\u00e3o \u00f3timos para mulheres que prezam pela\u00a0praticidade. As tran\u00e7as podem serem usadas em todos os tipos e cumprimentos de cabelo e nas mais variadas ocasi\u00f5es.\u00a0Os coques enfeitam o cabelo com tran\u00e7as, s\u00e3o muito bonitos e tamb\u00e9m \u00e9 \u00f3timo toque de eleg\u00e2ncia, sendo muito visto em premia\u00e7\u00f5es e festas chiques.<\/div>\n<div dir=\"auto\"><\/div>\n<div dir=\"auto\">\u200bJ\u00e1 para quem tem os cabelos mais curtos as tran\u00e7as laterais s\u00e3o a sensa\u00e7\u00e3o do momento. Perfeitas por n\u00e3o precisarem de um extensor, as tran\u00e7as laterais s\u00e3o um \u00f3timo jeito de mudar o visual e sair da rotina\u00a0de modo pr\u00e1tico e r\u00e1pido. Esse tipo de tran\u00e7a pode ser feito de um ou dos dois lados da cabe\u00e7a e s\u00e3o um verdadeiro charme para celebrar!<\/div>\n<div dir=\"auto\"><\/div>\n<div dir=\"auto\">Assim queremos festejar o r\u00e9veillon da melhor maneira com amigos ou familiares, na praia ou em casa o importante \u00e9 desejar paz e sa\u00fade para o pr\u00f3ximo ano que se inicia.<\/div>\n<div dir=\"auto\"><\/div>\n<div dir=\"auto\"><\/div>\n<div dir=\"auto\">Desejo um Feliz Ano Novo com muita sa\u00fade<\/div>\n<div dir=\"auto\">e prote\u00e7\u00e3o para todos<\/div>\n","protected":false},"excerpt":{"rendered":"<p>Por Gilbertinho Cabeleireiro0 @gilbertinhocabeleireiro &nbsp; Como muitas mulheres usam cabelo solto nada melhor do que se jogar nos penteados\u00a0para ano novo 2022 solto. Contudo, voc\u00ea pode incrementar o visual com presilhas, tiaras ou acess\u00f3rios na cabe\u00e7a para evidenciar o Penteado. Muitas das vezes o menos se torna mais. Ent\u00e3o, dessa forma d\u00ea prefer\u00eancia aos modelos [&hellip;]<\/p>\n","protected":false},"author":1,"featured_media":28616,"comment_status":"open","ping_status":"open","sticky":false,"template":"","format":"standard","meta":{"ngg_post_thumbnail":0,"footnotes":""},"categories":[2,32,41],"tags":[193],"class_list":["post-28615","post","type-post","status-publish","format-standard","has-post-thumbnail","hentry","category-destaques","category-estetica","category-ultimasnoticias","tag-estetica"],"_links":{"self":[{"href":"https:\/\/somdepapo.com.br\/portal\/wp-json\/wp\/v2\/posts\/28615","targetHints":{"allow":["GET"]}}],"collection":[{"href":"https:\/\/somdepapo.com.br\/portal\/wp-json\/wp\/v2\/posts"}],"about":[{"href":"https:\/\/somdepapo.com.br\/portal\/wp-json\/wp\/v2\/types\/post"}],"author":[{"embeddable":true,"href":"https:\/\/somdepapo.com.br\/portal\/wp-json\/wp\/v2\/users\/1"}],"replies":[{"embeddable":true,"href":"https:\/\/somdepapo.com.br\/portal\/wp-json\/wp\/v2\/comments?post=28615"}],"version-history":[{"count":1,"href":"https:\/\/somdepapo.com.br\/portal\/wp-json\/wp\/v2\/posts\/28615\/revisions"}],"predecessor-version":[{"id":28617,"href":"https:\/\/somdepapo.com.br\/portal\/wp-json\/wp\/v2\/posts\/28615\/revisions\/28617"}],"wp:featuredmedia":[{"embeddable":true,"href":"https:\/\/somdepapo.com.br\/portal\/wp-json\/wp\/v2\/media\/28616"}],"wp:attachment":[{"href":"https:\/\/somdepapo.com.br\/portal\/wp-json\/wp\/v2\/media?parent=28615"}],"wp:term":[{"taxonomy":"category","embeddable":true,"href":"https:\/\/somdepapo.com.br\/portal\/wp-json\/wp\/v2\/categories?post=28615"},{"taxonomy":"post_tag","embeddable":true,"href":"https:\/\/somdepapo.com.br\/portal\/wp-json\/wp\/v2\/tags?post=28615"}],"curies":[{"name":"wp","href":"https:\/\/api.w.org\/{rel}","templated":true}]}}