{"id":28663,"date":"2021-12-07T12:00:38","date_gmt":"2021-12-07T15:00:38","guid":{"rendered":"https:\/\/somdepapo.com.br\/portal\/?p=28663"},"modified":"2021-12-06T11:38:57","modified_gmt":"2021-12-06T14:38:57","slug":"atendente-grafico","status":"publish","type":"post","link":"https:\/\/somdepapo.com.br\/portal\/atendente-grafico\/","title":{"rendered":"Atendente Gr\u00e1fico"},"content":{"rendered":"<p>Jobbol<\/p>\n<p>Recife, PE<\/p>\n<h2>Dados da vaga<\/h2>\n<p>Tempo Integral<\/p>\n<p>Efetivo\/CLT<\/p>\n<h2>Descri\u00e7\u00e3o completa da vaga<\/h2>\n<p>Empresa admite Atendente Gr\u00e1fico em Recife para atuar em Tempo integral, Comercial.<\/p>\n<p>Ir\u00e1 realizar o atendimento voltado a parte gr\u00e1fica. Tirar d\u00favidas e prestar apoio ao cliente.<\/p>\n<p>\u00c9 oferecido contrato Efetivo, Beneficios a combinar \/<br \/>\n<strong>vaga c\u00f3d:<\/strong>\u00a0902071777<\/p>\n<p>&nbsp;<\/p>\n<p>Fonte: <a href=\"https:\/\/br.indeed.com\/m\/viewjob?jk=740abcb1fd96dff1&amp;from=serp\">https:\/\/br.indeed.com\/m\/viewjob?jk=740abcb1fd96dff1&amp;from=serp<\/a><\/p>\n","protected":false},"excerpt":{"rendered":"<p>Jobbol Recife, PE Dados da vaga Tempo Integral Efetivo\/CLT Descri\u00e7\u00e3o completa da vaga Empresa admite Atendente Gr\u00e1fico em Recife para atuar em Tempo integral, Comercial. Ir\u00e1 realizar o atendimento voltado a parte gr\u00e1fica. Tirar d\u00favidas e prestar apoio ao cliente. \u00c9 oferecido contrato Efetivo, Beneficios a combinar \/ vaga c\u00f3d:\u00a0902071777 &nbsp; Fonte: https:\/\/br.indeed.com\/m\/viewjob?jk=740abcb1fd96dff1&amp;from=serp<\/p>\n","protected":false},"author":1,"featured_media":28058,"comment_status":"open","ping_status":"open","sticky":false,"template":"","format":"standard","meta":{"ngg_post_thumbnail":0,"footnotes":""},"categories":[2,201,41],"tags":[188],"class_list":["post-28663","post","type-post","status-publish","format-standard","has-post-thumbnail","hentry","category-destaques","category-emprego","category-ultimasnoticias","tag-emprego"],"_links":{"self":[{"href":"https:\/\/somdepapo.com.br\/portal\/wp-json\/wp\/v2\/posts\/28663","targetHints":{"allow":["GET"]}}],"collection":[{"href":"https:\/\/somdepapo.com.br\/portal\/wp-json\/wp\/v2\/posts"}],"about":[{"href":"https:\/\/somdepapo.com.br\/portal\/wp-json\/wp\/v2\/types\/post"}],"author":[{"embeddable":true,"href":"https:\/\/somdepapo.com.br\/portal\/wp-json\/wp\/v2\/users\/1"}],"replies":[{"embeddable":true,"href":"https:\/\/somdepapo.com.br\/portal\/wp-json\/wp\/v2\/comments?post=28663"}],"version-history":[{"count":1,"href":"https:\/\/somdepapo.com.br\/portal\/wp-json\/wp\/v2\/posts\/28663\/revisions"}],"predecessor-version":[{"id":28664,"href":"https:\/\/somdepapo.com.br\/portal\/wp-json\/wp\/v2\/posts\/28663\/revisions\/28664"}],"wp:featuredmedia":[{"embeddable":true,"href":"https:\/\/somdepapo.com.br\/portal\/wp-json\/wp\/v2\/media\/28058"}],"wp:attachment":[{"href":"https:\/\/somdepapo.com.br\/portal\/wp-json\/wp\/v2\/media?parent=28663"}],"wp:term":[{"taxonomy":"category","embeddable":true,"href":"https:\/\/somdepapo.com.br\/portal\/wp-json\/wp\/v2\/categories?post=28663"},{"taxonomy":"post_tag","embeddable":true,"href":"https:\/\/somdepapo.com.br\/portal\/wp-json\/wp\/v2\/tags?post=28663"}],"curies":[{"name":"wp","href":"https:\/\/api.w.org\/{rel}","templated":true}]}}