{"id":28702,"date":"2021-12-16T12:00:13","date_gmt":"2021-12-16T15:00:13","guid":{"rendered":"https:\/\/somdepapo.com.br\/portal\/?p=28702"},"modified":"2021-12-15T11:19:44","modified_gmt":"2021-12-15T14:19:44","slug":"caixa-2","status":"publish","type":"post","link":"https:\/\/somdepapo.com.br\/portal\/caixa-2\/","title":{"rendered":"Caixa"},"content":{"rendered":"<div dir=\"auto\">\n<div>\n<h1><span style=\"color: #222222; font-family: Verdana, Geneva, sans-serif; font-size: 15px;\">Recife, PE<\/span><\/h1>\n<\/div>\n<\/div>\n<div dir=\"auto\" style=\"text-align: justify;\">A Dufrio est\u00e1 em processo de transforma\u00e7\u00e3o cultural. Esperamos que nos pr\u00f3ximos anos as mudan\u00e7as sejam ainda maiores, pois nosso foco em evolu\u00e7\u00e3o e resultado \u00e9 um sonho que compartilhamos com cada colaborador, parceiro e cliente.<\/div>\n<div dir=\"auto\" style=\"text-align: justify;\">\n<div>\n<p>Para que tudo isso se realize, precisamos de uma equipe engajada com nosso neg\u00f3cio! Para isso, buscamos pessoas comprometidas, \u00e1geis, humildes, interativas, organizadas e inovadoras dispostas a se desenvolverem conosco.<\/p>\n<p><b><br \/>\nResponsabilidades e atribui\u00e7\u00f5es<\/b><br \/>\nNessa oportunidade, suas principais atividades ser\u00e3o:<\/p>\n<ul>\n<li>\nOrganizar e conferir os documentos do movimento do caixa, cobrar o valor correspondente \u00e0s compras do cliente e realizar a abertura ou o fechamento.<\/li>\n<li>Executar atividades\/tarefas rotineiras, administrativas\/operacionais na sua \u00e1rea de atua\u00e7\u00e3o, conforme orienta\u00e7ao ou procedimento operacional.<\/li>\n<li>Organizar e conferir os documentos do movimento do caixa (numer\u00e1rios, tefs, comprovantes de pagamento de boletos assinados, adiantamento de clientes, etc.), bem como enviar \u00e0 Tesouraria\/Administrativo Financeiro, assim que realizado o fechamento.<\/li>\n<li>Cobrar o valor correspondente \u00e0s compras do cliente, adotando rotinas diferenciadas em fun\u00e7\u00e3o do modo de pagamento, entregando-lhe posteriormente o respectivo Documento Fiscal.<\/li>\n<li>Providenciar o empacotamento das mercadorias ou encaminhar o cliente ao setor de expedi\u00e7\u00e3o para retirada das mesmas.<\/li>\n<li>Realizar a abertura ou o fechamento do caixa de sua responsabilidade, conciliando os valores com os documentos, visando solucionar eventuais problemas.<\/li>\n<li>Solicitar a presen\u00e7a da supervis\u00e3o imediata, em caso de documentos duvidosos ou ainda para reposi\u00e7\u00e3o de troco no caixa<\/li>\n<\/ul>\n<p><b>Requisitos e qualifica\u00e7\u00f5es<\/b><br \/>\nNessa oportunidade, suas principais atividades ser\u00e3o:<\/p>\n<ul>\n<li>Ensino m\u00e9dio completo<\/li>\n<li>Experi\u00eancia na fun\u00e7\u00e3o<\/li>\n<li>Pro atividade, planejamento e organiza\u00e7\u00e3o s\u00e3o caracter\u00edsticas essenciais<\/li>\n<\/ul>\n<p>Aqui voc\u00ea encontrar\u00e1 suporte e oportunidade para crescimento t\u00e9cnico e profissional, de forma que possa fazer a diferen\u00e7a dentro da organiza\u00e7\u00e3o, auxiliando no crescimento da empresa, pois acreditamos no potencial de cada colaborador.<\/p>\n<p><b><br \/>\nInforma\u00e7\u00f5es adicionais<\/b><br \/>\nAqui voc\u00ea encontrar\u00e1 suporte e oportunidade para crescimento t\u00e9cnico e profissional, de forma que possa fazer a diferen\u00e7a dentro da organiza\u00e7\u00e3o, auxiliando no crescimento da empresa, pois acreditamos no potencial de cada colaborador.<\/p>\n<p>Somos adeptos ao regime e benef\u00edcios CLT, veja o que oferecemos para voc\u00ea:<\/p>\n<ul>\n<li>Plano de Sa\u00fade<\/li>\n<li>Plano Odontol\u00f3gico<\/li>\n<li>Vale Refei\u00e7\u00e3o ou Alimenta\u00e7\u00e3o<\/li>\n<li>Vale transporte<\/li>\n<li>Descontos em produtos Dufrio<\/li>\n<li>Programa de Incentivo \u00e0 Educa\u00e7\u00e3o<\/li>\n<\/ul>\n<\/div>\n<\/div>\n<div dir=\"auto\">\n<div dir=\"auto\" style=\"text-align: justify;\"><span style=\"color: #111111; font-family: Roboto, sans-serif; font-size: 27px;\">Dados da vaga<\/span><\/div>\n<div dir=\"auto\" style=\"text-align: justify;\">\n<div dir=\"auto\">\n<div>\n<div>\n<div>Sal\u00e1rio<\/div>\n<p>R$ 1.200 por m\u00eas<\/p><\/div>\n<div>\n<div>Tipo da vaga<\/div>\n<div>Tempo Integral<\/div>\n<div>Efetivo\/CLT<\/div>\n<\/div>\n<\/div>\n<div><\/div>\n<h2>Descri\u00e7\u00e3o completa da vaga<\/h2>\n<div>Empresa de produtos e servi\u00e7os automotivos admite Vendedora em Recife para atuar em Tempo integral, Comercial.<\/p>\n<p>Respons\u00e1vel por vender o produto ou mercadoria da loja, realizando o atendimento ao cliente.<\/p>\n<p>\u00c9 oferecido contrato Efetivo, Comiss\u00e3o \/<br \/>\n<b>vaga c\u00f3d:<\/b>\u00a0902079580<\/div>\n<div><\/div>\n<\/div>\n<div dir=\"auto\">\n<div><\/div>\n<div>\n<div>Jobbol<\/div>\n<div><\/div>\n<\/div>\n<\/div>\n<\/div>\n<div dir=\"auto\" style=\"text-align: justify;\"><\/div>\n<div dir=\"auto\" style=\"text-align: justify;\">Fonte:\u00a0<a href=\"https:\/\/br.indeed.com\/m\/viewjob?jk=273c583ee1202696&amp;from=serp\" target=\"_blank\" rel=\"noopener noreferrer\" data-saferedirecturl=\"https:\/\/www.google.com\/url?q=https:\/\/br.indeed.com\/m\/viewjob?jk%3D273c583ee1202696%26from%3Dserp&amp;source=gmail&amp;ust=1639663536704000&amp;usg=AOvVaw17grOK0MGleGiQ8HQcc197\">https:\/\/br.indeed.com\/<wbr \/>m\/viewjob?jk=273c583ee1202696&amp;<wbr \/>from=serp<br \/>\n<\/a><\/div>\n<\/div>\n","protected":false},"excerpt":{"rendered":"<p>Recife, PE A Dufrio est\u00e1 em processo de transforma\u00e7\u00e3o cultural. Esperamos que nos pr\u00f3ximos anos as mudan\u00e7as sejam ainda maiores, pois nosso foco em evolu\u00e7\u00e3o e resultado \u00e9 um sonho que compartilhamos com cada colaborador, parceiro e cliente. Para que tudo isso se realize, precisamos de uma equipe engajada com nosso neg\u00f3cio! Para isso, buscamos [&hellip;]<\/p>\n","protected":false},"author":1,"featured_media":28058,"comment_status":"open","ping_status":"open","sticky":false,"template":"","format":"standard","meta":{"ngg_post_thumbnail":0,"footnotes":""},"categories":[2,201,41],"tags":[188],"class_list":["post-28702","post","type-post","status-publish","format-standard","has-post-thumbnail","hentry","category-destaques","category-emprego","category-ultimasnoticias","tag-emprego"],"_links":{"self":[{"href":"https:\/\/somdepapo.com.br\/portal\/wp-json\/wp\/v2\/posts\/28702","targetHints":{"allow":["GET"]}}],"collection":[{"href":"https:\/\/somdepapo.com.br\/portal\/wp-json\/wp\/v2\/posts"}],"about":[{"href":"https:\/\/somdepapo.com.br\/portal\/wp-json\/wp\/v2\/types\/post"}],"author":[{"embeddable":true,"href":"https:\/\/somdepapo.com.br\/portal\/wp-json\/wp\/v2\/users\/1"}],"replies":[{"embeddable":true,"href":"https:\/\/somdepapo.com.br\/portal\/wp-json\/wp\/v2\/comments?post=28702"}],"version-history":[{"count":1,"href":"https:\/\/somdepapo.com.br\/portal\/wp-json\/wp\/v2\/posts\/28702\/revisions"}],"predecessor-version":[{"id":28703,"href":"https:\/\/somdepapo.com.br\/portal\/wp-json\/wp\/v2\/posts\/28702\/revisions\/28703"}],"wp:featuredmedia":[{"embeddable":true,"href":"https:\/\/somdepapo.com.br\/portal\/wp-json\/wp\/v2\/media\/28058"}],"wp:attachment":[{"href":"https:\/\/somdepapo.com.br\/portal\/wp-json\/wp\/v2\/media?parent=28702"}],"wp:term":[{"taxonomy":"category","embeddable":true,"href":"https:\/\/somdepapo.com.br\/portal\/wp-json\/wp\/v2\/categories?post=28702"},{"taxonomy":"post_tag","embeddable":true,"href":"https:\/\/somdepapo.com.br\/portal\/wp-json\/wp\/v2\/tags?post=28702"}],"curies":[{"name":"wp","href":"https:\/\/api.w.org\/{rel}","templated":true}]}}