{"id":28790,"date":"2022-01-10T06:59:27","date_gmt":"2022-01-10T09:59:27","guid":{"rendered":"https:\/\/somdepapo.com.br\/portal\/?p=28790"},"modified":"2022-01-10T06:59:27","modified_gmt":"2022-01-10T09:59:27","slug":"movimento-vai-ter-gorda-no-som-de-papo-in-live","status":"publish","type":"post","link":"https:\/\/somdepapo.com.br\/portal\/movimento-vai-ter-gorda-no-som-de-papo-in-live\/","title":{"rendered":"Movimento Vai ter Gorda no Som de Papo In Live"},"content":{"rendered":"<p style=\"text-align: right;\">Por Reda\u00e7\u00e3o<\/p>\n<p style=\"text-align: justify;\">Hoje, segunda-feira, 10,\u00a0 tem o programa Especial Som de Papo In Live \u00e0s 20h no Instagram @gilbertoromanotv<br \/>\nTem\u00e1tica: Comemora\u00e7\u00e3o do Movimento Vai ter Gorda<\/p>\n<p style=\"text-align: justify;\">Apresenta\u00e7\u00e3o: Gilberto Romano<br \/>\nParticipa\u00e7\u00e3o Especial da Colunista de Plus Size Adriana do Portal Som de Papo<br \/>\nAtra\u00e7\u00e3o Musical: Viviane Pitaya<\/p>\n<p>&nbsp;<\/p>\n","protected":false},"excerpt":{"rendered":"<p>Por Reda\u00e7\u00e3o Hoje, segunda-feira, 10,\u00a0 tem o programa Especial Som de Papo In Live \u00e0s 20h no Instagram @gilbertoromanotv Tem\u00e1tica: Comemora\u00e7\u00e3o do Movimento Vai ter Gorda Apresenta\u00e7\u00e3o: Gilberto Romano Participa\u00e7\u00e3o Especial da Colunista de Plus Size Adriana do Portal Som de Papo Atra\u00e7\u00e3o Musical: Viviane Pitaya &nbsp;<\/p>\n","protected":false},"author":1,"featured_media":28791,"comment_status":"open","ping_status":"open","sticky":false,"template":"","format":"standard","meta":{"ngg_post_thumbnail":0,"footnotes":""},"categories":[140,31,35,158,41],"tags":[],"class_list":["post-28790","post","type-post","status-publish","format-standard","has-post-thumbnail","hentry","category-bastidores","category-noticias","category-o-programa","category-plus-size","category-ultimasnoticias"],"_links":{"self":[{"href":"https:\/\/somdepapo.com.br\/portal\/wp-json\/wp\/v2\/posts\/28790","targetHints":{"allow":["GET"]}}],"collection":[{"href":"https:\/\/somdepapo.com.br\/portal\/wp-json\/wp\/v2\/posts"}],"about":[{"href":"https:\/\/somdepapo.com.br\/portal\/wp-json\/wp\/v2\/types\/post"}],"author":[{"embeddable":true,"href":"https:\/\/somdepapo.com.br\/portal\/wp-json\/wp\/v2\/users\/1"}],"replies":[{"embeddable":true,"href":"https:\/\/somdepapo.com.br\/portal\/wp-json\/wp\/v2\/comments?post=28790"}],"version-history":[{"count":1,"href":"https:\/\/somdepapo.com.br\/portal\/wp-json\/wp\/v2\/posts\/28790\/revisions"}],"predecessor-version":[{"id":28792,"href":"https:\/\/somdepapo.com.br\/portal\/wp-json\/wp\/v2\/posts\/28790\/revisions\/28792"}],"wp:featuredmedia":[{"embeddable":true,"href":"https:\/\/somdepapo.com.br\/portal\/wp-json\/wp\/v2\/media\/28791"}],"wp:attachment":[{"href":"https:\/\/somdepapo.com.br\/portal\/wp-json\/wp\/v2\/media?parent=28790"}],"wp:term":[{"taxonomy":"category","embeddable":true,"href":"https:\/\/somdepapo.com.br\/portal\/wp-json\/wp\/v2\/categories?post=28790"},{"taxonomy":"post_tag","embeddable":true,"href":"https:\/\/somdepapo.com.br\/portal\/wp-json\/wp\/v2\/tags?post=28790"}],"curies":[{"name":"wp","href":"https:\/\/api.w.org\/{rel}","templated":true}]}}