{"id":28826,"date":"2022-02-04T10:00:36","date_gmt":"2022-02-04T13:00:36","guid":{"rendered":"https:\/\/somdepapo.com.br\/portal\/?p=28826"},"modified":"2022-02-04T13:32:54","modified_gmt":"2022-02-04T16:32:54","slug":"novas-tendencia-para-seu-cabelo-em-2022","status":"publish","type":"post","link":"https:\/\/somdepapo.com.br\/portal\/novas-tendencia-para-seu-cabelo-em-2022\/","title":{"rendered":"Novas tend\u00eancia para seu cabelo em 2022!\u00a0"},"content":{"rendered":"<p style=\"text-align: right;\"><em>Por Gilbertinho Cabeleireiro<\/em><\/p>\n<p style=\"text-align: right;\">@gilbertinhocabeleireiro<\/p>\n<p>&nbsp;<\/p>\n<p style=\"text-align: justify;\">A cor do cabelo representa muito sobre a personalidade de uma pessoa, e \u00e9 capaz de ressaltar os seus tra\u00e7os e sua pele, mas tamb\u00e9m pode ser respons\u00e1vel por estragar um visual, se n\u00e3o for utilizada da melhor maneira.<\/p>\n<p style=\"text-align: justify;\">Todos os anos as tend\u00eancias da moda, beleza e est\u00e9tica mudam, e em rela\u00e7\u00e3o \u00e0s cores de cabelo n\u00e3o seria diferente em 2022.<\/p>\n<p style=\"text-align: justify;\">Os cabelos platinados j\u00e1 v\u00eam se fazendo presente nos cabelos das pessoas h\u00e1 alguns anos, e seguir\u00e3o sendo muito utilizados neste ano.<\/p>\n<p style=\"text-align: justify;\">O platinado cai bem em qualquer curvatura de cabelo, e pode ser respons\u00e1vel por trazer um ar moderno e sofisticado ao visual.<\/p>\n<p style=\"text-align: justify;\">Entretanto, \u00e9 extremamente importante que voc\u00ea tenha em mente que um cabelo platinado exige muito cuidado e dedica\u00e7\u00e3o, pois a qu\u00edmica necess\u00e1ria para deixar o seu cabelo no tom perfeito tamb\u00e9m pode danificar bastante, ent\u00e3o \u00e9 importante manter seu cabelo sempre bem cuidado, hidratado e realizar visitas constantes ao sal\u00e3o de beleza para executar uma boa reconstru\u00e7\u00e3o!<\/p>\n<p style=\"text-align: justify;\">Al\u00e9m disso, optar por tons mais quentes, como algo mais puxado para o dourado onde trar\u00e1 muito mais harmonia e leveza para o visual, sempre mantendo a sua cor o mais viva e brilhante poss\u00edvel, marque retoques de cor e hidrata\u00e7\u00f5es, e matiza\u00e7\u00f5es da cor com seu Cabeleireiro regularmente.<\/p>\n<p style=\"text-align: justify;\">Cabelos coloridos, com mechas precisam de manuten\u00e7\u00e3o permanente para ficarem sempre lindos e saud\u00e1veis.<\/p>\n","protected":false},"excerpt":{"rendered":"<p>Por Gilbertinho Cabeleireiro @gilbertinhocabeleireiro &nbsp; A cor do cabelo representa muito sobre a personalidade de uma pessoa, e \u00e9 capaz de ressaltar os seus tra\u00e7os e sua pele, mas tamb\u00e9m pode ser respons\u00e1vel por estragar um visual, se n\u00e3o for utilizada da melhor maneira. Todos os anos as tend\u00eancias da moda, beleza e est\u00e9tica mudam, [&hellip;]<\/p>\n","protected":false},"author":1,"featured_media":28827,"comment_status":"open","ping_status":"open","sticky":false,"template":"","format":"standard","meta":{"ngg_post_thumbnail":0,"footnotes":""},"categories":[2,32,41],"tags":[193],"class_list":["post-28826","post","type-post","status-publish","format-standard","has-post-thumbnail","hentry","category-destaques","category-estetica","category-ultimasnoticias","tag-estetica"],"_links":{"self":[{"href":"https:\/\/somdepapo.com.br\/portal\/wp-json\/wp\/v2\/posts\/28826","targetHints":{"allow":["GET"]}}],"collection":[{"href":"https:\/\/somdepapo.com.br\/portal\/wp-json\/wp\/v2\/posts"}],"about":[{"href":"https:\/\/somdepapo.com.br\/portal\/wp-json\/wp\/v2\/types\/post"}],"author":[{"embeddable":true,"href":"https:\/\/somdepapo.com.br\/portal\/wp-json\/wp\/v2\/users\/1"}],"replies":[{"embeddable":true,"href":"https:\/\/somdepapo.com.br\/portal\/wp-json\/wp\/v2\/comments?post=28826"}],"version-history":[{"count":3,"href":"https:\/\/somdepapo.com.br\/portal\/wp-json\/wp\/v2\/posts\/28826\/revisions"}],"predecessor-version":[{"id":28891,"href":"https:\/\/somdepapo.com.br\/portal\/wp-json\/wp\/v2\/posts\/28826\/revisions\/28891"}],"wp:featuredmedia":[{"embeddable":true,"href":"https:\/\/somdepapo.com.br\/portal\/wp-json\/wp\/v2\/media\/28827"}],"wp:attachment":[{"href":"https:\/\/somdepapo.com.br\/portal\/wp-json\/wp\/v2\/media?parent=28826"}],"wp:term":[{"taxonomy":"category","embeddable":true,"href":"https:\/\/somdepapo.com.br\/portal\/wp-json\/wp\/v2\/categories?post=28826"},{"taxonomy":"post_tag","embeddable":true,"href":"https:\/\/somdepapo.com.br\/portal\/wp-json\/wp\/v2\/tags?post=28826"}],"curies":[{"name":"wp","href":"https:\/\/api.w.org\/{rel}","templated":true}]}}