{"id":28832,"date":"2022-02-08T10:00:16","date_gmt":"2022-02-08T13:00:16","guid":{"rendered":"https:\/\/somdepapo.com.br\/portal\/?p=28832"},"modified":"2022-01-26T15:03:13","modified_gmt":"2022-01-26T18:03:13","slug":"cuidados-com-os-pets-no-verao","status":"publish","type":"post","link":"https:\/\/somdepapo.com.br\/portal\/cuidados-com-os-pets-no-verao\/","title":{"rendered":"Cuidados com os pets no ver\u00e3o"},"content":{"rendered":"<p style=\"text-align: right;\"><em>Por Ana Karoline veterin\u00e1ria<\/em><\/p>\n<p style=\"text-align: right;\">@anakaroline.vet<\/p>\n<p>&nbsp;<\/p>\n<p style=\"text-align: justify;\">Ol\u00e1, querido eleitores, vamos abordar sobre os cuidados com os pets nesse per\u00edodo do ver\u00e3o.<\/p>\n<p style=\"text-align: justify;\">Os pets tamb\u00e9m aproveitam o ver\u00e3o! Com a chegada da esta\u00e7\u00e3o mais quente do ano, as rotinas dos c\u00e3es mudam. Mais passeio ao ar livre, mais banhos, mais tempo livre com as crian\u00e7as e claro, cuidados redobrados! \u00c9 nessa \u00e9poca tamb\u00e9m que algumas doen\u00e7as se proliferam. Saiba quais s\u00e3o as principais doen\u00e7as que acometem os cachorros no ver\u00e3o e como cuidar melhor do seu companheiro.<\/p>\n<p style=\"text-align: justify;\">Doen\u00e7as de pele, infesta\u00e7\u00f5es de parasitas, viroses e verminoses s\u00e3o algumas das doen\u00e7as que se agravam e tem maior incid\u00eancia durante o ver\u00e3o.<\/p>\n<p style=\"text-align: justify;\">Algumas doen\u00e7as que afetam os cachorros no ver\u00e3o:<\/p>\n<p style=\"text-align: justify;\">1 \u2013 Infesta\u00e7\u00f5es de pulgas e carrapatos<\/p>\n<p style=\"text-align: justify;\">Dois fatores s\u00e3o fundamentais para aumentarem a incid\u00eancia de infesta\u00e7\u00e3o de parasitas em cachorros no ver\u00e3o. Primeiramente, a umidade e o calor criam o ambiente perfeito para as pulgas e carrapatos se multiplicarem.<\/p>\n<p style=\"text-align: justify;\">Al\u00e9m disso, nessa \u00e9poca do ano, \u00e9 comum que os c\u00e3es passeiem mais e tenham mais contato com outros animais, que podem estar infectados. Assim, a presen\u00e7a dos parasitas e de poss\u00edveis doen\u00e7as causadas por eles aumenta.<\/p>\n<p style=\"text-align: justify;\">2 \u2013 Viroses<\/p>\n<p style=\"text-align: justify;\">Existem v\u00e1rios tipos de viroses que acometem os c\u00e3es, muitas delas podem causar danos graves. Cinomose, Parvovirose e Leptospirose s\u00e3o alguns exemplos. Essas doen\u00e7as s\u00e3o altamente contagiosas.<\/p>\n<p style=\"text-align: justify;\">As viroses podem ser transmitidas tanto pelo contato com outro animal infectado, como por outros vetores, como \u00e9 o caso da Leishmaniose, transmitida por mosquitos, ou da Leptospirose, que \u00e9 transmitida por ratos. Como nessa \u00e9poca do ano h\u00e1 maior prolifera\u00e7\u00e3o dos vetores transmissores, os cachorros no ver\u00e3o ficam mais vulner\u00e1veis \u00e0 doen\u00e7a. Para evitar \u00e9 necess\u00e1rio ter a vacina\u00e7\u00e3o em dia.<\/p>\n<p style=\"text-align: justify;\">3 \u2013 Doen\u00e7as de pele<\/p>\n<p style=\"text-align: justify;\">Os c\u00e3es tem a pele sens\u00edvel, e no ver\u00e3o, a exposi\u00e7\u00e3o \u00e0 irradia\u00e7\u00e3o solar pode agravar o risco de c\u00e2ncer de pele.<\/p>\n<p style=\"text-align: justify;\">Al\u00e9m do sol, as sarnas, os parasitas e at\u00e9 subst\u00e2ncias qu\u00edmicas, como o cloro das piscinas, aumentam a incid\u00eancia de dermatites e feridas na pele dos animais. Os c\u00e3es de pelo claro s\u00e3o os que mais sofrem com queimaduras.<\/p>\n<p style=\"text-align: justify;\">4 \u2013 Insola\u00e7\u00e3o e hipertermia<\/p>\n<p style=\"text-align: justify;\">A insola\u00e7\u00e3o acontece quando o animal fica muito tempo sob o sol, preso em locais pouco arejados, ou fazendo exerc\u00edcios f\u00edsicos intensos em altas temperaturas.<\/p>\n<p style=\"text-align: justify;\">Quando acontece, os c\u00e3es ficam ofegantes, fraqueza, diarreia e at\u00e9 presen\u00e7a de sangue nas fezes. Em casos mais graves, pode acabar desenvolvendo uma hipertermia, quando o animal n\u00e3o consegue regular a temperatura corporal que fica muito alta e pode at\u00e9 causar a morte.\u00a0 Ra\u00e7as de focinho achatado, como o Bulldogue, ou as de pelagens densas, como o S\u00e3o Bernardo, s\u00e3o\u00a0 os mais propensos a sofrerem com a insola\u00e7\u00e3o.<\/p>\n<p style=\"text-align: justify;\">5 \u2013 Desidrata\u00e7\u00e3o<\/p>\n<p style=\"text-align: justify;\">Com o calor, os animais tentem a suar mais, perdendo muito liquido, dessa forma, se n\u00e3o tiver \u00e1gua fresca dispon\u00edvel para o c\u00e3o, ele pode desenvolver um quadro de desidrata\u00e7\u00e3o. A desidrata\u00e7\u00e3o pode causar dificuldade de respirar, enjoos, mal estar, v\u00f4mitos e diarreia.<\/p>\n<p style=\"text-align: justify;\">6 \u2013 Otite<\/p>\n<p style=\"text-align: justify;\">A otite \u00e9 uma inflama\u00e7\u00e3o nos ouvidos. Uma das principais causas da otite em c\u00e3es \u00e9 a umidade ou \u00e1gua nos ouvidos. Como \u00e9 comum que o a cachorros no ver\u00e3o passem mais tempo molhados, a incid\u00eancia de otite aumenta. As ra\u00e7as de orelhas grandes s\u00e3o os mais propensos a desenvolverem inflama\u00e7\u00f5es no canal auditivo.<\/p>\n<p style=\"text-align: justify;\">Essas s\u00e3o algumas doen\u00e7as e causas que podem acontecer se voc\u00ea n\u00e3o tiver cuidado com o seu pet no ver\u00e3o.<\/p>\n<p style=\"text-align: justify;\">Qualquer d\u00favida, estarei \u00e0 disposi\u00e7\u00e3o<\/p>\n<p>&nbsp;<\/p>\n<p style=\"text-align: justify;\">Fonte: <a href=\"about:blank\">https:\/\/www.patasdacasa.com.br\/noticia\/quais-sao-as-doencas-de-cachorro-mais-comuns-no-verao-e-como-evita-las_a2683\/1<\/a><\/p>\n","protected":false},"excerpt":{"rendered":"<p>Por Ana Karoline veterin\u00e1ria @anakaroline.vet &nbsp; Ol\u00e1, querido eleitores, vamos abordar sobre os cuidados com os pets nesse per\u00edodo do ver\u00e3o. Os pets tamb\u00e9m aproveitam o ver\u00e3o! Com a chegada da esta\u00e7\u00e3o mais quente do ano, as rotinas dos c\u00e3es mudam. Mais passeio ao ar livre, mais banhos, mais tempo livre com as crian\u00e7as e [&hellip;]<\/p>\n","protected":false},"author":1,"featured_media":28833,"comment_status":"open","ping_status":"open","sticky":false,"template":"","format":"standard","meta":{"ngg_post_thumbnail":0,"footnotes":""},"categories":[2,153,41],"tags":[207],"class_list":["post-28832","post","type-post","status-publish","format-standard","has-post-thumbnail","hentry","category-destaques","category-pet","category-ultimasnoticias","tag-pet"],"_links":{"self":[{"href":"https:\/\/somdepapo.com.br\/portal\/wp-json\/wp\/v2\/posts\/28832","targetHints":{"allow":["GET"]}}],"collection":[{"href":"https:\/\/somdepapo.com.br\/portal\/wp-json\/wp\/v2\/posts"}],"about":[{"href":"https:\/\/somdepapo.com.br\/portal\/wp-json\/wp\/v2\/types\/post"}],"author":[{"embeddable":true,"href":"https:\/\/somdepapo.com.br\/portal\/wp-json\/wp\/v2\/users\/1"}],"replies":[{"embeddable":true,"href":"https:\/\/somdepapo.com.br\/portal\/wp-json\/wp\/v2\/comments?post=28832"}],"version-history":[{"count":1,"href":"https:\/\/somdepapo.com.br\/portal\/wp-json\/wp\/v2\/posts\/28832\/revisions"}],"predecessor-version":[{"id":28834,"href":"https:\/\/somdepapo.com.br\/portal\/wp-json\/wp\/v2\/posts\/28832\/revisions\/28834"}],"wp:featuredmedia":[{"embeddable":true,"href":"https:\/\/somdepapo.com.br\/portal\/wp-json\/wp\/v2\/media\/28833"}],"wp:attachment":[{"href":"https:\/\/somdepapo.com.br\/portal\/wp-json\/wp\/v2\/media?parent=28832"}],"wp:term":[{"taxonomy":"category","embeddable":true,"href":"https:\/\/somdepapo.com.br\/portal\/wp-json\/wp\/v2\/categories?post=28832"},{"taxonomy":"post_tag","embeddable":true,"href":"https:\/\/somdepapo.com.br\/portal\/wp-json\/wp\/v2\/tags?post=28832"}],"curies":[{"name":"wp","href":"https:\/\/api.w.org\/{rel}","templated":true}]}}